{"id":2225,"date":"2017-05-04T20:16:04","date_gmt":"2017-05-04T18:16:04","guid":{"rendered":"http:\/\/event-ww.de\/blog\/?p=2225"},"modified":"2019-09-28T18:07:16","modified_gmt":"2019-09-28T16:07:16","slug":"bmw-open-by-fwu","status":"publish","type":"post","link":"https:\/\/event-ww.de\/blog\/bmw-open-by-fwu\/","title":{"rendered":"\ud83c\udfbe BMW Open by FWU &#8211; Mai 2017  \ud83c\udfbe"},"content":{"rendered":"<h2><span style=\"font-family: 'book antiqua', palatino, serif;\"><span style=\"font-size: 18px;\">BMW Open in M\u00fcnchen\u00a0<\/span>\ud83c\udfbe<span style=\"font-size: 18px;\">\u00a0<em>BMW Open in Munich<\/em>\u00a0<\/span><\/span><\/h2>\n<p><span style=\"font-family: 'book antiqua', palatino, serif;\">Auf der Anlage des MTTC Iphiotos fanden\u00a0vom <a href=\"https:\/\/event-ww.de\/blog\/events\/kalender\/bmw-open-by-fwu\/\" target=\"_blank\" rel=\"noopener noreferrer\">29. April bis 7. Mai 2017<\/a>\u00a0die <a href=\"https:\/\/bmwopen.de\" target=\"_blank\" rel=\"noopener noreferrer\">BMW Open by FWU<\/a>\u00a0M\u00fcnchen statt.<\/span><\/p>\n<p><span style=\"font-size: 14px; color: #333333; font-family: 'book antiqua', palatino, serif;\"><em>On the grounds of the MTTC Iphiotos, from 29 April to 7 May 2017, the BMW Open by FWU\u00a0Munich took\u00a0place.\u00a0<\/em><\/span><\/p>\n<p><span style=\"font-family: 'book antiqua', palatino, serif;\">Das besondere an diesem ATP Turnier ist, dass es im Englischen Garten ausgetragen wird. In dieser einzigartigen famili\u00e4ren Atmosph\u00e4re, wo Weltklassetennis hautnah pr\u00e4sentiert wird, erlebten wir tolle Tage.<\/span><\/p>\n<p><span style=\"font-size: 14px; color: #333333; font-family: 'book antiqua', palatino, serif;\"><em>The special thing about this ATP tournament is that it is played in the English Garden. In this unique family atmosphere, where world class tennis is presented, we have had great days in the first week of the tournament.<\/em><\/span><\/p>\n<div id=\"attachment_2235\" style=\"width: 610px\" class=\"wp-caption aligncenter\"><img aria-describedby=\"caption-attachment-2235\" loading=\"lazy\" class=\"wp-image-2235\" src=\"https:\/\/event-ww.de\/blog\/wp-content\/uploads\/2017\/05\/IMG_5188-300x300.jpg\" alt=\"\" width=\"600\" height=\"600\" srcset=\"https:\/\/event-ww.de\/blog\/wp-content\/uploads\/2017\/05\/IMG_5188-300x300.jpg 300w, https:\/\/event-ww.de\/blog\/wp-content\/uploads\/2017\/05\/IMG_5188-150x150.jpg 150w, https:\/\/event-ww.de\/blog\/wp-content\/uploads\/2017\/05\/IMG_5188-768x768.jpg 768w, https:\/\/event-ww.de\/blog\/wp-content\/uploads\/2017\/05\/IMG_5188-1024x1024.jpg 1024w, https:\/\/event-ww.de\/blog\/wp-content\/uploads\/2017\/05\/IMG_5188.jpg 1280w\" sizes=\"(max-width: 600px) 100vw, 600px\" \/><p id=\"caption-attachment-2235\" class=\"wp-caption-text\"><span style=\"font-family: 'book antiqua', palatino, serif;\">BMW Open by FWU &#8211; Kids Day (vlnr. Tim Braune, Philipp Kellner, Felix Teich, Max Seebacher)<\/span><\/p><\/div>\n<h2><span style=\"font-family: 'book antiqua', palatino, serif;\"><span style=\"font-size: 18px;\">Preise f\u00fcr den Sieger\u00a0<\/span>\ud83c\udfbe<span style=\"font-size: 18px;\"><em>\u00a0Prices for the winner\u00a0<\/em><\/span><\/span><\/h2>\n<p><span style=\"font-family: 'book antiqua', palatino, serif;\">Alexander Zverev, der Sieger der 102. Internationalen Tennis &#8211; Meisterschaft von Bayern, erhielt, zus\u00e4tzlich zum Preisgeld von 85.945\u20ac, sowie 250 ATP &#8211; Ranglistenpunkten und einer Lederhose von Meindl, einen BMW i8 in der limitierten Protonic Frozen Black Edition. Die Idee zur Lederhose (seit 2015) hatte Veranstalter Michael Mronz. Im Rahmen der BMW Players Night zu Turnierbeginn, wird die eingefrorene Lederhose, nach und nach von Spielern und G\u00e4sten bis zum Finaltag zum Schmelzen gebracht.<\/span><\/p>\n<div id=\"attachment_2232\" style=\"width: 610px\" class=\"wp-caption aligncenter\"><img aria-describedby=\"caption-attachment-2232\" loading=\"lazy\" class=\"wp-image-2232\" src=\"https:\/\/event-ww.de\/blog\/wp-content\/uploads\/2017\/05\/FullSizeRender-3-300x225.jpg\" alt=\"\" width=\"600\" height=\"450\" srcset=\"https:\/\/event-ww.de\/blog\/wp-content\/uploads\/2017\/05\/FullSizeRender-3-300x225.jpg 300w, https:\/\/event-ww.de\/blog\/wp-content\/uploads\/2017\/05\/FullSizeRender-3-768x576.jpg 768w, https:\/\/event-ww.de\/blog\/wp-content\/uploads\/2017\/05\/FullSizeRender-3-1024x768.jpg 1024w, https:\/\/event-ww.de\/blog\/wp-content\/uploads\/2017\/05\/FullSizeRender-3-150x113.jpg 150w, https:\/\/event-ww.de\/blog\/wp-content\/uploads\/2017\/05\/FullSizeRender-3.jpg 1632w\" sizes=\"(max-width: 600px) 100vw, 600px\" \/><p id=\"caption-attachment-2232\" class=\"wp-caption-text\"><span style=\"font-family: 'book antiqua', palatino, serif;\">Lederhose in Eis<\/span><\/p><\/div>\n<p><span style=\"font-size: 14px; color: #333333; font-family: 'book antiqua', palatino, serif;\"><em>Alexander Zverev, the winner of the 102nd International Tennis Championships in Bavaria, received a BMW i8 in the limited Protonic Frozen Black Edition, in addition to the prize money of 85.945 \u20ac as well as 250 ATP ranking points and a Lederhose from Meindl. The idea for Lederhose (since 2015) had organizer Michael Mronz. Within the framework of the BMW Players Night at the beginning of the tournament, the frozen leather trousers are gradually melted by players and guests until the final day.<\/em><\/span><\/p>\n<h2><span style=\"font-family: 'book antiqua', palatino, serif;\"><span style=\"font-size: 18px;\">Austragungsort BMW Open\u00a0<\/span>\ud83c\udfbe<span style=\"font-size: 18px;\">\u00a0<em>tournament area<\/em>\u00a0<\/span><\/span><\/h2>\n<p><span style=\"font-family: 'book antiqua', palatino, serif;\">Im 125. Jahr des <a href=\"https:\/\/www.iphitos.de\" target=\"_blank\" rel=\"noopener noreferrer\">MTTC Iphiotos<\/a> konnte man den Charakter des Turnieres sp\u00fcren: Spitzensport, Familienfest sowie gesellschaftliches Highlight in einem tollem Ambiente. Auf den frei zug\u00e4nglichen Bereichen gab es, neben vielen chicken BMW Modellen auch einen Rolls Royce, der prima vor dem Clubhaus positioniert war. Zudem fanden\u00a0die Besucher zahlreiche St\u00e4nde f\u00fcr\u00b4s Schlemmen von <a href=\"httpss:\/\/www.feinkost-kaefer.de\" target=\"_blank\" rel=\"noopener noreferrer\">Feinkost K\u00e4fer<\/a>, einen mobilen Kaffeestand oder f\u00fcr alle, die noch etwas einkaufen wollten, gab eine kleine aber feine shopping mall.<\/span><\/p>\n<div id=\"attachment_2230\" style=\"width: 510px\" class=\"wp-caption aligncenter\"><img aria-describedby=\"caption-attachment-2230\" loading=\"lazy\" class=\"wp-image-2230\" src=\"https:\/\/event-ww.de\/blog\/wp-content\/uploads\/2017\/05\/FullSizeRender-2-300x225.jpg\" alt=\"\" width=\"500\" height=\"375\" srcset=\"https:\/\/event-ww.de\/blog\/wp-content\/uploads\/2017\/05\/FullSizeRender-2-300x225.jpg 300w, https:\/\/event-ww.de\/blog\/wp-content\/uploads\/2017\/05\/FullSizeRender-2-768x576.jpg 768w, https:\/\/event-ww.de\/blog\/wp-content\/uploads\/2017\/05\/FullSizeRender-2-1024x768.jpg 1024w, https:\/\/event-ww.de\/blog\/wp-content\/uploads\/2017\/05\/FullSizeRender-2-150x113.jpg 150w, https:\/\/event-ww.de\/blog\/wp-content\/uploads\/2017\/05\/FullSizeRender-2.jpg 1632w\" sizes=\"(max-width: 500px) 100vw, 500px\" \/><p id=\"caption-attachment-2230\" class=\"wp-caption-text\"><span style=\"font-family: 'book antiqua', palatino, serif;\">Clubhaus MTTC Iphiotos<\/span><\/p><\/div>\n<p><span style=\"font-size: 14px; color: #333333; font-family: 'book antiqua', palatino, serif;\"><em>In the 125th year of the MTTC Iphiotos, you could feel the character of the tournament: top sport, family celebration and social highlight in a great ambience. There was, besides many high-class BMW models, a Rolls Royce, which was well positioned in front of the clubhouse. In addition, visitors would find numerous stands for delicacies of Feinkost K\u00e4fer, a mobile coffee stand or for those who wanted to buy something else, a small but fine shopping area for tennis equipment.<\/em><\/span><\/p>\n<div id=\"attachment_2239\" style=\"width: 510px\" class=\"wp-caption aligncenter\"><img aria-describedby=\"caption-attachment-2239\" loading=\"lazy\" class=\"wp-image-2239\" src=\"https:\/\/event-ww.de\/blog\/wp-content\/uploads\/2017\/05\/FullSizeRender-300x225.jpg\" alt=\"\" width=\"500\" height=\"375\" srcset=\"https:\/\/event-ww.de\/blog\/wp-content\/uploads\/2017\/05\/FullSizeRender-300x225.jpg 300w, https:\/\/event-ww.de\/blog\/wp-content\/uploads\/2017\/05\/FullSizeRender-768x576.jpg 768w, https:\/\/event-ww.de\/blog\/wp-content\/uploads\/2017\/05\/FullSizeRender-1024x768.jpg 1024w, https:\/\/event-ww.de\/blog\/wp-content\/uploads\/2017\/05\/FullSizeRender-150x113.jpg 150w, https:\/\/event-ww.de\/blog\/wp-content\/uploads\/2017\/05\/FullSizeRender.jpg 1632w\" sizes=\"(max-width: 500px) 100vw, 500px\" \/><p id=\"caption-attachment-2239\" class=\"wp-caption-text\"><span style=\"font-family: 'book antiqua', palatino, serif;\">Feinkost K\u00e4fer &#8211; BMW Open by FWU<\/span><\/p><\/div>\n<h2><span style=\"font-family: 'book antiqua', palatino, serif;\"><span style=\"font-size: 18px;\">Vereinsgeschichte\u00a0<\/span>\ud83c\udfbe<span style=\"font-size: 18px;\">\u00a0<em>club history<\/em>\u00a0<\/span><\/span><\/h2>\n<p><span style=\"font-family: 'book antiqua', palatino, serif;\">Der Verein wurde 1892 an der Leopoldstra\u00dfe als erster Verein mit Rasenplatz gegr\u00fcndet. Obwohl die Aufnahmegeb\u00fchr 4 Goldmark betrug und der Jahresbeitrag einer Mitgliedschaft mit weiteren 6 Goldmark zu Buche schlug, z\u00e4hlte der Club bereits einige Jahre sp\u00e4ter 150 Mitglieder. Heute bel\u00e4uft sich die Mitgliederzahl auf 1200.<\/span><\/p>\n<p><span style=\"font-size: 14px; color: #333333; font-family: 'book antiqua', palatino, serif;\"><em>The association was founded in 1892 on the Leopoldstra\u00dfe as the first club with Rasenplatz. Although the admission fee was 4 gold marks and the annual contribution of a further 6 Goldmark to the membership, the club counted 150 members a few years later. Today the number of members is 1200.<\/em><\/span><\/p>\n<h2><span style=\"font-family: 'book antiqua', palatino, serif;\"><span style=\"font-size: 18px;\">Veranstalter BMW Open by FWU\u00a0<\/span>\ud83c\udfbe<span style=\"font-size: 18px;\">\u00a0<em>Organizer of BMW Open by FWU<\/em><\/span><\/span><\/h2>\n<p><span style=\"font-family: 'book antiqua', palatino, serif;\">Durch den gro\u00dfen Einsatz und einer perfekten Organisation des Teams um Veranstalter Michael Mronz und von Turnierdirektor Patrik K\u00fchnen, sowie vielen Helferinnen und Helfern ist es zu verdanken, dass sich die Spieler und die Fans am Aumeisterweg wohlf\u00fchlen.<\/span><\/p>\n<p><span style=\"font-size: 14px; color: #333333; font-family: 'book antiqua', palatino, serif;\"><em>Thanks to the great commitment and the perfect organization of the team organized by the organizer Michael Mronz and the tournament director Patrik K\u00fchnen, as well as many helpers, the players and the fans feel at home on the Aumeisterweg.<\/em><\/span><\/p>\n<p><span style=\"font-family: 'book antiqua', palatino, serif;\">Dadurch, dass man, wie bei keinem anderen Turnier so nahe auf Tuchf\u00fchlung mit den Tennisstars kommt, verleiht dem Turnier in der bayrischen Hauptstadt einen einzigartigen Flair\/Charme<\/span><\/p>\n<p><span style=\"font-size: 14px; color: #333333; font-family: 'book antiqua', palatino, serif;\"><em>By virtue of the fact that, as with any other tournament, you get so close to the tennis courts, the tournament in the Bavarian capital gives a unique flair \/ charm.<\/em><\/span><\/p>\n<p><span style=\"font-family: 'book antiqua', palatino, serif;\">Der Golden Racket Club by K\u00e4fer ist ein Place-to-be f\u00fcr Familien, Kunden oder auch Gesch\u00e4ftspartnern. Die Speisen und Getr\u00e4nke, sowie der Service sind von h\u00f6chster Qualit\u00e4t.<\/span><\/p>\n<p><span style=\"font-family: 'book antiqua', palatino, serif;\">Es gibt keine Garantie, aber mit einem VIP-Arragement stehen die Chancen nicht schlecht, um bei einem geselligen Mittagessen am Nebentisch eines Tennisstars zu sitzen.<\/span><\/p>\n<p><span style=\"font-size: 14px; color: #333333; font-family: 'book antiqua', palatino, serif;\"><em>The Golden Racket Club by K\u00e4fer is a place-to-be for families, customers or business partners. The food and drinks, as well as the service are of the highest quality. There is no guarantee, but with a VIP-Arragement the chances are not bad to sit at the side table of a tennis professional like Tommy Haas.<\/em><\/span><\/p>\n<div id=\"attachment_2234\" style=\"width: 740px\" class=\"wp-caption alignnone\"><img aria-describedby=\"caption-attachment-2234\" loading=\"lazy\" class=\" wp-image-2234\" src=\"https:\/\/event-ww.de\/blog\/wp-content\/uploads\/2017\/05\/FullSizeRender-4-300x113.jpg\" alt=\"\" width=\"730\" height=\"275\" srcset=\"https:\/\/event-ww.de\/blog\/wp-content\/uploads\/2017\/05\/FullSizeRender-4-300x113.jpg 300w, https:\/\/event-ww.de\/blog\/wp-content\/uploads\/2017\/05\/FullSizeRender-4-768x290.jpg 768w, https:\/\/event-ww.de\/blog\/wp-content\/uploads\/2017\/05\/FullSizeRender-4-1024x386.jpg 1024w, https:\/\/event-ww.de\/blog\/wp-content\/uploads\/2017\/05\/FullSizeRender-4-150x57.jpg 150w\" sizes=\"(max-width: 730px) 100vw, 730px\" \/><p id=\"caption-attachment-2234\" class=\"wp-caption-text\"><span style=\"font-family: 'book antiqua', palatino, serif;\">BMW Open by FWU<\/span><\/p><\/div>\n<h3><span style=\"font-size: 18px; font-family: 'book antiqua', palatino, serif;\">Weitere Informationen<\/span><\/h3>\n<p><span style=\"font-family: 'book antiqua', palatino, serif;\">\ud83c\udfbeBMW war zum 30. Mal in Folge Titelpartner des Turniers.<\/span><\/p>\n<p><span style=\"font-family: 'book antiqua', palatino, serif;\">\ud83c\udfbeTotal Financial Commitment: 540.310\u20ac (Stand 2017)<\/span><\/p>\n<p><span style=\"font-family: 'book antiqua', palatino, serif;\">\ud83c\udfbeNach dem Spiel ist vor dem Spiel. Das Team um Michael Mronz ben\u00f6tigt fast ein ganzes Jahr der Vorbereitung, um den Spielern und Fans solch ein herrliches Turnier zu pr\u00e4sentieren.<\/span><\/p>\n<p><span style=\"font-size: 18px; font-family: 'book antiqua', palatino, serif;\"><em>further information<\/em><\/span><\/p>\n<p><span style=\"font-family: 'book antiqua', palatino, serif;\">\ud83c\udfbe<span style=\"font-size: 14px; color: #333333;\"><em>BMW was the tournament&#8217;s title partner for the 30th time in a row.<\/em><\/span><\/span><\/p>\n<p><span style=\"font-family: 'book antiqua', palatino, serif;\">\ud83c\udfbe<span style=\"font-size: 14px; color: #333333;\"><em>Total Financial Commitment: \u20ac 540,310 (as at 2017)<\/em><\/span><\/span><\/p>\n<p><span style=\"font-family: 'book antiqua', palatino, serif;\">\ud83c\udfbe<span style=\"font-size: 14px; color: #333333;\"><em>After the game is before the game. The team around Michael Mronz needs almost a whole year of preparation to present such a splendid tournament to the players and fans.<\/em><\/span><\/span><\/p>\n","protected":false},"excerpt":{"rendered":"<p>BMW Open in M\u00fcnchen\u00a0\ud83c\udfbe\u00a0BMW Open in Munich\u00a0 Auf der Anlage des MTTC Iphiotos fanden\u00a0vom 29. April bis 7. Mai 2017\u00a0die BMW Open by FWU\u00a0M\u00fcnchen statt. On the grounds of the MTTC Iphiotos, from 29 April to 7 May 2017, the BMW Open by FWU\u00a0Munich took\u00a0place.\u00a0 Das besondere an diesem ATP Turnier ist, dass es im&hellip;<\/p>\n","protected":false},"author":3,"featured_media":2140,"comment_status":"open","ping_status":"open","sticky":false,"template":"","format":"gallery","meta":{"_monsterinsights_skip_tracking":false,"_monsterinsights_sitenote_active":false,"_monsterinsights_sitenote_note":"","_monsterinsights_sitenote_category":0},"categories":[26],"tags":[772,773,414,416,544,545,548,543,72,272,274,322,549,540,547,546,77,78,259,542,440,541,283],"yst_prominent_words":[],"_links":{"self":[{"href":"https:\/\/event-ww.de\/blog\/wp-json\/wp\/v2\/posts\/2225"}],"collection":[{"href":"https:\/\/event-ww.de\/blog\/wp-json\/wp\/v2\/posts"}],"about":[{"href":"https:\/\/event-ww.de\/blog\/wp-json\/wp\/v2\/types\/post"}],"author":[{"embeddable":true,"href":"https:\/\/event-ww.de\/blog\/wp-json\/wp\/v2\/users\/3"}],"replies":[{"embeddable":true,"href":"https:\/\/event-ww.de\/blog\/wp-json\/wp\/v2\/comments?post=2225"}],"version-history":[{"count":1,"href":"https:\/\/event-ww.de\/blog\/wp-json\/wp\/v2\/posts\/2225\/revisions"}],"predecessor-version":[{"id":7727,"href":"https:\/\/event-ww.de\/blog\/wp-json\/wp\/v2\/posts\/2225\/revisions\/7727"}],"wp:featuredmedia":[{"embeddable":true,"href":"https:\/\/event-ww.de\/blog\/wp-json\/wp\/v2\/media\/2140"}],"wp:attachment":[{"href":"https:\/\/event-ww.de\/blog\/wp-json\/wp\/v2\/media?parent=2225"}],"wp:term":[{"taxonomy":"category","embeddable":true,"href":"https:\/\/event-ww.de\/blog\/wp-json\/wp\/v2\/categories?post=2225"},{"taxonomy":"post_tag","embeddable":true,"href":"https:\/\/event-ww.de\/blog\/wp-json\/wp\/v2\/tags?post=2225"},{"taxonomy":"yst_prominent_words","embeddable":true,"href":"https:\/\/event-ww.de\/blog\/wp-json\/wp\/v2\/yst_prominent_words?post=2225"}],"curies":[{"name":"wp","href":"https:\/\/api.w.org\/{rel}","templated":true}]}}