{"id":4857,"date":"2018-03-30T10:19:19","date_gmt":"2018-03-30T08:19:19","guid":{"rendered":"http:\/\/event-ww.de\/blog\/?p=4857"},"modified":"2018-03-30T11:01:19","modified_gmt":"2018-03-30T09:01:19","slug":"alfonsschuhbeck","status":"publish","type":"post","link":"https:\/\/event-ww.de\/blog\/alfonsschuhbeck\/","title":{"rendered":"Ihr Lieblingsgericht mit Alfons Schuhbeck"},"content":{"rendered":"<h2><span style=\"font-size: 21px;\"><span style=\"font-family: 'book antiqua', palatino, serif;\">Jeder hat es &#8211; sein Lieblingsgericht<\/span><span style=\"font-family: 'book antiqua', palatino, serif;\">\u00a0<\/span><\/span><\/h2>\n<div><span style=\"font-family: 'book antiqua', palatino, serif; font-size: 18px;\">Wir waren bei den Dreharbeiten der neuen Kochsendung &#8222;Ihr Lieblingsgericht&#8230;.mit Alfons Schuhbeck&#8220; von <a href=\"httpss:\/\/www.muenchen.tv\/ihr-lieblingsgerichtmit-alfons-schuhbeck-253346\/\" target=\"_blank\" rel=\"noopener\">m\u00fcnchen.tv<\/a> dabei.\u00a0<\/span><span style=\"font-family: 'book antiqua', palatino, serif; font-size: 18px;\">Gastgeber und Sponsor ist M\u00f6bel H\u00f6ffner in M\u00fcnchen &#8211; Freiham.<\/span><\/div>\n<div><span style=\"font-family: 'book antiqua', palatino, serif; font-size: 18px;\">\u00a0<\/span><\/div>\n<div><span style=\"font-family: 'book antiqua', palatino, serif; font-size: 18px;\">Es gibt jetzt die M\u00f6glichkeit, f\u00fcr jeden, mit Deutschlands bekanntestem Fernsehkoch sein Lieblingsgericht zu kochen &#8211; und dabei die Geschichte dahinter zu erz\u00e4hlen. <\/span><\/div>\n<div><\/div>\n<h2><span style=\"font-family: 'book antiqua', palatino, serif; font-size: 21px;\">Wann gehts los?<\/span><\/h2>\n<div><span style=\"font-family: 'book antiqua', palatino, serif; font-size: 18px;\">Start ist Sonntag, 25 M\u00e4rz, 19 Uhr, 14-t\u00e4gig.\u00a0<\/span><\/div>\n<div><span style=\"font-family: 'book antiqua', palatino, serif; font-size: 18px;\">Auch Prominente geben sich gemeinsam mit dem Kult-Sternekoch die Ehre und verraten ihre Lieblingsgerichte. Mit von der Partie werden u.a. sein Schauspielerin Michaela May.<\/span><\/div>\n<div><\/div>\n<h3><span style=\"font-family: 'book antiqua', palatino, serif; font-size: 21px;\">Ein Blick hinter die Kulissen\u00a0<\/span><\/h3>\n<div><span style=\"font-family: 'book antiqua', palatino, serif; font-size: 18px;\">Wir haben die Gelegenheit genutzt und haben f\u00fcr alle Leser einen Blick hinter die Kulissen geworfen.\u00a0<\/span><span style=\"font-family: 'book antiqua', palatino, serif; font-size: 18px;\">Bei der Sendung ist es m\u00f6glich als Amateurkoch mit einem Spitzenkoch zusammen in der K\u00fcche zu stehen. Es herrschte eine lockere Atmosph\u00e4re. F\u00fcr jeden Gastkoch wird es ein Erlebnis werden, das er nicht so schnell vergi\u00dft.<\/span><\/div>\n<div>\n<div><\/div>\n<div><span style=\"font-family: 'book antiqua', palatino, serif; font-size: 18px;\">Einfach anmelden unter:\u00a0<a href=\"mailto:lieblingsgericht@muenchen.tv\">lieblingsgericht@muenchen.tv<\/a><\/span><\/div>\n<div><img loading=\"lazy\" class=\"alignnone size-medium wp-image-4874\" src=\"https:\/\/event-ww.de\/blog\/wp-content\/uploads\/2018\/03\/IMG_1742-e1522354758261-225x300.jpg\" alt=\"\" width=\"225\" height=\"300\" srcset=\"https:\/\/event-ww.de\/blog\/wp-content\/uploads\/2018\/03\/IMG_1742-e1522354758261-225x300.jpg 225w, https:\/\/event-ww.de\/blog\/wp-content\/uploads\/2018\/03\/IMG_1742-e1522354758261-768x1024.jpg 768w, https:\/\/event-ww.de\/blog\/wp-content\/uploads\/2018\/03\/IMG_1742-e1522354758261-113x150.jpg 113w\" sizes=\"(max-width: 225px) 100vw, 225px\" \/> <img loading=\"lazy\" class=\"alignnone size-medium wp-image-4872\" src=\"https:\/\/event-ww.de\/blog\/wp-content\/uploads\/2018\/03\/IMG_6137-e1522354786292-225x300.jpg\" alt=\"\" width=\"225\" height=\"300\" srcset=\"https:\/\/event-ww.de\/blog\/wp-content\/uploads\/2018\/03\/IMG_6137-e1522354786292-225x300.jpg 225w, https:\/\/event-ww.de\/blog\/wp-content\/uploads\/2018\/03\/IMG_6137-e1522354786292-768x1024.jpg 768w, https:\/\/event-ww.de\/blog\/wp-content\/uploads\/2018\/03\/IMG_6137-e1522354786292-113x150.jpg 113w\" sizes=\"(max-width: 225px) 100vw, 225px\" \/> <img loading=\"lazy\" class=\"alignnone size-medium wp-image-4870\" src=\"https:\/\/event-ww.de\/blog\/wp-content\/uploads\/2018\/03\/IMG_0234-e1522354815600-225x300.jpg\" alt=\"\" width=\"225\" height=\"300\" srcset=\"https:\/\/event-ww.de\/blog\/wp-content\/uploads\/2018\/03\/IMG_0234-e1522354815600-225x300.jpg 225w, https:\/\/event-ww.de\/blog\/wp-content\/uploads\/2018\/03\/IMG_0234-e1522354815600-768x1024.jpg 768w, https:\/\/event-ww.de\/blog\/wp-content\/uploads\/2018\/03\/IMG_0234-e1522354815600-113x150.jpg 113w\" sizes=\"(max-width: 225px) 100vw, 225px\" \/><\/div>\n<div><\/div>\n<\/div>\n<div><\/div>\n<h3><span style=\"font-family: 'book antiqua', palatino, serif; font-size: 21px;\">Unsere Fragen an den Spitzenkoch\u00a0<\/span><\/h3>\n<div><span style=\"font-family: 'book antiqua', palatino, serif; font-size: 18px;\">Charismatisch wie wir Ihn kennen hat sich Alfons Schuhbeck die Zeit genommen, um einige Fragen der geladenen Presse zu beantworten.<\/span><\/div>\n<div><\/div>\n<div>\n<div><strong><span style=\"font-family: 'book antiqua', palatino, serif; font-size: 18px;\">Gibt es pro Sendung nur ein Leibgericht?<\/span><\/strong><\/div>\n<div><span style=\"font-family: 'book antiqua', palatino, serif; font-size: 18px;\">Alfons Schuhbeck: &#8222;Ja, es gibt nur pro Sendung ein Leibgericht&#8220;.\u00a0<\/span><\/div>\n<div><span style=\"font-family: 'book antiqua', palatino, serif; font-size: 18px;\">Der Grund daf\u00fcr ist, dass bei einer Drehzeit von 35 Minuten nur ein Gericht perfekt zubereitet werden kann.<\/span><\/div>\n<div><\/div>\n<div><strong><span style=\"font-family: 'book antiqua', palatino, serif; font-size: 18px;\">Was ist das Leibgericht von Alfons Schuhbeck?<\/span><\/strong><\/div>\n<div><span style=\"font-family: 'book antiqua', palatino, serif; font-size: 18px;\">Alfons Schuhbeck: &#8220; Er hat kein Leibgericht. Er mag alles was die Jahreszeiten hervorbringen&#8220;.<\/span><\/div>\n<div><\/div>\n<div><span style=\"font-family: 'book antiqua', palatino, serif; font-size: 18px;\">Alfons Schuhbeck l\u00e4\u00dft die G\u00e4ste frei Ihr Lieblingsgericht kochen. Er greift nur dann ein, wenn eine Katastrophe verhindert werden muss. Ziel ist das Lieblingsgericht zu kochen.\u00a0<\/span><\/div>\n<div><span style=\"font-family: 'book antiqua', palatino, serif; font-size: 18px;\">Alfons Schuhbeck: &#8222;Ein Gericht w\u00fcrde bei zehn verschiedenen K\u00f6chen zu zehn verschiedenen Geschmacksnoten f\u00fchren. Das Wichtigste ist aber, dass es schmeckt und, dass alle Vitamine bei der Zubereitung erhalten bleiben&#8220;.<\/span><\/div>\n<div><\/div>\n<div><span style=\"font-family: 'book antiqua', palatino, serif; font-size: 18px;\">W\u00e4hrend des lockeren Pressetalks gab Alfons Schuhbeck auch einen hoch interessanten Kommentar zum Thema \u00d6l ab. Er glaubt, dass manch Autofahrer mehr Geld f\u00fcr gutes Getriebe\u00f6l ausgibt als f\u00fcr ein hochwertiges Speise\u00f6l.<\/span><\/div>\n<div><span style=\"font-family: 'book antiqua', palatino, serif; font-size: 18px;\"> <iframe loading=\"lazy\" src=\"httpss:\/\/www.youtube.com\/embed\/lIHXA1yrSXk\" width=\"560\" height=\"315\" frameborder=\"0\" allowfullscreen=\"allowfullscreen\"><\/iframe><br \/>\n<\/span><\/div>\n<\/div>\n<div><\/div>\n<h3><span style=\"font-family: 'book antiqua', palatino, serif; font-size: 21px;\">Danke an die Sponsoren\u00a0<\/span><\/h3>\n<div><span style=\"font-family: 'book antiqua', palatino, serif; font-size: 18px;\">Es war sehr aufregend live bei den Dreharbeiten bei <a href=\"httpss:\/\/www.hoeffner.de\/\" target=\"_blank\" rel=\"noopener\">M\u00f6bel H\u00f6ffner<\/a> dabei gewesen zu sein.\u00a0<\/span><\/div>\n<div><\/div>\n<div><span style=\"font-family: 'book antiqua', palatino, serif; font-size: 18px;\">Vielen Dank an alle Beteiligten, die diese sympathische Idee: &#8222;Jeder hat es &#8211; sein Lieblingsgericht&#8220;, in Szene gesetzt haben. Wir freuen uns jetzt schon auf die n\u00e4chsten Lieblingsgerichte und Geschichten dahinter.<\/span><\/div>\n<div><img loading=\"lazy\" class=\"aligncenter wp-image-4866 size-large\" src=\"https:\/\/event-ww.de\/blog\/wp-content\/uploads\/2018\/03\/IMG_9362-e1522354877751-768x1024.jpg\" alt=\"\" width=\"768\" height=\"1024\" srcset=\"https:\/\/event-ww.de\/blog\/wp-content\/uploads\/2018\/03\/IMG_9362-e1522354877751-768x1024.jpg 768w, https:\/\/event-ww.de\/blog\/wp-content\/uploads\/2018\/03\/IMG_9362-e1522354877751-225x300.jpg 225w, https:\/\/event-ww.de\/blog\/wp-content\/uploads\/2018\/03\/IMG_9362-e1522354877751-113x150.jpg 113w\" sizes=\"(max-width: 768px) 100vw, 768px\" \/><\/div>\n<div><\/div>\n<div><\/div>\n<h2><span style=\"font-family: 'book antiqua', palatino, serif; font-size: 21px;\">Weitere Infos:<\/span><\/h2>\n<div>\n<div><span style=\"font-family: 'book antiqua', palatino, serif; font-size: 18px;\">1. Gastkoch war Prof.Dr. Kaspar Matiasek. (Bei der Aufzeichnung am 22.03.2018)<\/span><\/div>\n<div><span style=\"font-family: 'book antiqua', palatino, serif; font-size: 18px;\">2. Schwarzer Pfeffer hilft die Vitamine besser auszunehmen.<\/span><\/div>\n<div><span style=\"font-family: 'book antiqua', palatino, serif; font-size: 18px;\">3.\u00a0Gesunde Ern\u00e4hrung, wozu nat\u00fcrlich auch viel Gem\u00fcse geh\u00f6rt, ist vielleicht von Natur aus etwas langweilig. Das l\u00e4sst sich allerdings sehr leicht mit der Vielzahl an Gew\u00fcrzen ausgleichen. Sehr interessant war auch der Bezug zur Medizin. Heutzutage gibt es Antibiotika, Penizillin und vieles mehr. In der Historie der Zeitgeschichte waren Gew\u00fcrze die Medizin. Viele Gew\u00fcrze wie Ingwer, Knoblauch, Kurkuma und weitere wirken antioxidantisch.\u00a0<\/span><\/div>\n<div><span style=\"font-family: 'book antiqua', palatino, serif; font-size: 18px;\">4.\u00a0Es gibt Studien (nachzulesen u.a im &#8222;British Medical Journal&#8220;), dass wer gew\u00fcrzt i\u00dft, das Risiko zu sterben um 14% senkt. (siehe auch\u00a0<\/span><span style=\"font-family: 'book antiqua', palatino, serif; font-size: 18px;\"><a class=\"ydp88319d59yiv5042671512\" href=\"https:\/\/www.spiegel.de\/gesundheit\/ernaehrung\/studie-scharf-essen-laenger-leben-a-1046549.html\" rel=\"nofollow\">https:\/\/www.spiegel.de\/gesundheit\/ernaehrung\/studie-scharf-essen-laenger-leben-a-1046549.html<\/a>\u00a0)<\/span><\/div>\n<\/div>\n","protected":false},"excerpt":{"rendered":"<p>Jeder hat es &#8211; sein Lieblingsgericht\u00a0 Wir waren bei den Dreharbeiten der neuen Kochsendung &#8222;Ihr Lieblingsgericht&#8230;.mit Alfons Schuhbeck&#8220; von m\u00fcnchen.tv dabei.\u00a0Gastgeber und Sponsor ist M\u00f6bel H\u00f6ffner in M\u00fcnchen &#8211; Freiham. \u00a0 Es gibt jetzt die M\u00f6glichkeit, f\u00fcr jeden, mit Deutschlands bekanntestem Fernsehkoch sein Lieblingsgericht zu kochen &#8211; und dabei die Geschichte dahinter zu erz\u00e4hlen. Wann&hellip;<\/p>\n","protected":false},"author":1,"featured_media":4858,"comment_status":"open","ping_status":"open","sticky":false,"template":"","format":"standard","meta":{"_monsterinsights_skip_tracking":false,"_monsterinsights_sitenote_active":false,"_monsterinsights_sitenote_note":"","_monsterinsights_sitenote_category":0},"categories":[26],"tags":[905,171,764,30,689,274,906],"yst_prominent_words":[],"_links":{"self":[{"href":"https:\/\/event-ww.de\/blog\/wp-json\/wp\/v2\/posts\/4857"}],"collection":[{"href":"https:\/\/event-ww.de\/blog\/wp-json\/wp\/v2\/posts"}],"about":[{"href":"https:\/\/event-ww.de\/blog\/wp-json\/wp\/v2\/types\/post"}],"author":[{"embeddable":true,"href":"https:\/\/event-ww.de\/blog\/wp-json\/wp\/v2\/users\/1"}],"replies":[{"embeddable":true,"href":"https:\/\/event-ww.de\/blog\/wp-json\/wp\/v2\/comments?post=4857"}],"version-history":[{"count":0,"href":"https:\/\/event-ww.de\/blog\/wp-json\/wp\/v2\/posts\/4857\/revisions"}],"wp:featuredmedia":[{"embeddable":true,"href":"https:\/\/event-ww.de\/blog\/wp-json\/wp\/v2\/media\/4858"}],"wp:attachment":[{"href":"https:\/\/event-ww.de\/blog\/wp-json\/wp\/v2\/media?parent=4857"}],"wp:term":[{"taxonomy":"category","embeddable":true,"href":"https:\/\/event-ww.de\/blog\/wp-json\/wp\/v2\/categories?post=4857"},{"taxonomy":"post_tag","embeddable":true,"href":"https:\/\/event-ww.de\/blog\/wp-json\/wp\/v2\/tags?post=4857"},{"taxonomy":"yst_prominent_words","embeddable":true,"href":"https:\/\/event-ww.de\/blog\/wp-json\/wp\/v2\/yst_prominent_words?post=4857"}],"curies":[{"name":"wp","href":"https:\/\/api.w.org\/{rel}","templated":true}]}}