{"id":5082,"date":"2018-06-24T11:56:26","date_gmt":"2018-06-24T09:56:26","guid":{"rendered":"https:\/\/event-ww.de\/blog\/?p=5082"},"modified":"2018-06-24T14:46:08","modified_gmt":"2018-06-24T12:46:08","slug":"alpine-palace","status":"publish","type":"post","link":"https:\/\/event-ww.de\/blog\/alpine-palace\/?lang=en","title":{"rendered":"Alpine Palace &#8211; Feel royal, enjoy l\u00e4ssig!"},"content":{"rendered":"<h2><span style=\"font-family: 'book antiqua', palatino, serif; color: #000000;\">Alpine Palace in Saalbach &#8211; Background on the region\u00a0\u00a0<\/span><\/h2>\n<p id=\"tw-target-text\" class=\"tw-data-text tw-ta tw-text-small\" dir=\"ltr\" data-placeholder=\"\u00dcbersetzung\"><span lang=\"en\" style=\"font-family: 'book antiqua', palatino, serif; font-size: 18px; color: #000000;\"><a style=\"color: #000000;\" href=\"https:\/\/www.saalbach.com\/\" target=\"_blank\" rel=\"noopener\">Saalbach-Hinterglemm<\/a> has as of 1. January 2017 2.896 inhabitants and is a municipality in Pinzgau in the state of Salzburg in Austria. <\/span><\/p>\n<p class=\"tw-data-text tw-ta tw-text-small\" dir=\"ltr\" data-placeholder=\"\u00dcbersetzung\"><span lang=\"en\" style=\"font-family: 'book antiqua', palatino, serif; font-size: 18px; color: #000000;\">Saalbach belongs to the Kitzb\u00fchel Alps and lies in a valley running from west to east of the Saalach, the Glemmtal. The oldest evidence of settlement dates back to 1222. <\/span><\/p>\n<p class=\"tw-data-text tw-ta tw-text-small\" dir=\"ltr\" data-placeholder=\"\u00dcbersetzung\"><span lang=\"en\" style=\"font-family: 'book antiqua', palatino, serif; font-size: 18px; color: #000000;\">After 1945, especially in winter, there was a sustained economic upturn in tourism. In 1991, Saalbach-Hinterglemm was the venue for the Alpine Ski World Cup.<\/span><\/p>\n<div id=\"attachment_5028\" style=\"width: 1034px\" class=\"wp-caption aligncenter\"><img aria-describedby=\"caption-attachment-5028\" loading=\"lazy\" class=\"wp-image-5028 size-large\" src=\"https:\/\/event-ww.de\/blog\/wp-content\/uploads\/2018\/06\/IMG_20160814_135431-ZwA\u0302lferkogel-Hohe-Penhab-1024x575.jpg\" alt=\"\" width=\"1024\" height=\"575\" srcset=\"https:\/\/event-ww.de\/blog\/wp-content\/uploads\/2018\/06\/IMG_20160814_135431-ZwA\u0302lferkogel-Hohe-Penhab-1024x575.jpg 1024w, https:\/\/event-ww.de\/blog\/wp-content\/uploads\/2018\/06\/IMG_20160814_135431-ZwA\u0302lferkogel-Hohe-Penhab-300x168.jpg 300w, https:\/\/event-ww.de\/blog\/wp-content\/uploads\/2018\/06\/IMG_20160814_135431-ZwA\u0302lferkogel-Hohe-Penhab-768x431.jpg 768w, https:\/\/event-ww.de\/blog\/wp-content\/uploads\/2018\/06\/IMG_20160814_135431-ZwA\u0302lferkogel-Hohe-Penhab-150x84.jpg 150w\" sizes=\"(max-width: 1024px) 100vw, 1024px\" \/><p id=\"caption-attachment-5028\" class=\"wp-caption-text\"><\/span> <span style=\"color: #000000;\">Foto: Hotelmanagement<\/span><\/p><\/div>\n<p>&nbsp;<\/p>\n<h2><span style=\"font-family: 'book antiqua', palatino, serif; color: #000000;\">The hotel &#8211; Alpine Palace *****S<\/span><\/h2>\n<p id=\"tw-target-text\" class=\"tw-data-text tw-ta tw-text-small\" dir=\"ltr\" data-placeholder=\"\u00dcbersetzung\"><span lang=\"en\" style=\"font-family: 'book antiqua', palatino, serif; font-size: 18px; color: #000000;\">The <a style=\"color: #000000;\" href=\"http:\/\/www.hotel-alpine-palace.com\/en.html\" target=\"_blank\" rel=\"noopener\">five-star superior Hotel <\/a>Alpine Palace has a long tradition. In 1950, Marion and Heribert Wolf moved to the small mountain farming village of Hinterglemm to found the first local ski school. <\/span><\/p>\n<p class=\"tw-data-text tw-ta tw-text-small\" dir=\"ltr\" data-placeholder=\"\u00dcbersetzung\"><span lang=\"en\" style=\"font-family: 'book antiqua', palatino, serif; font-size: 18px; color: #000000;\">Over several decades, the house continues to evolve to meet the ever-changing demands of its guests. <\/span><\/p>\n<p class=\"tw-data-text tw-ta tw-text-small\" dir=\"ltr\" data-placeholder=\"\u00dcbersetzung\"><span lang=\"en\" style=\"font-family: 'book antiqua', palatino, serif; font-size: 18px; color: #000000;\">The varied offer includes the excellent cuisine, the numerous possibilities of a varied holiday, a regular guest bonus, rooms of choice and the compilation of offers of the house according to the individual needs of the guest. <\/span><\/p>\n<p class=\"tw-data-text tw-ta tw-text-small\" dir=\"ltr\" data-placeholder=\"\u00dcbersetzung\"><span lang=\"en\" style=\"font-family: 'book antiqua', palatino, serif; font-size: 18px; color: #000000;\">The Alpine Palace is already set up for the generation Z (Born 1995-2010).<\/span><\/p>\n<div id=\"attachment_5029\" style=\"width: 1034px\" class=\"wp-caption aligncenter\"><img aria-describedby=\"caption-attachment-5029\" loading=\"lazy\" class=\"wp-image-5029 size-large\" src=\"https:\/\/event-ww.de\/blog\/wp-content\/uploads\/2018\/06\/2.3.-Doppelzimmer-Deluxe-Su\u0308d-Bad-1024x654.jpg\" alt=\"\" width=\"1024\" height=\"654\" srcset=\"https:\/\/event-ww.de\/blog\/wp-content\/uploads\/2018\/06\/2.3.-Doppelzimmer-Deluxe-Su\u0308d-Bad-1024x654.jpg 1024w, https:\/\/event-ww.de\/blog\/wp-content\/uploads\/2018\/06\/2.3.-Doppelzimmer-Deluxe-Su\u0308d-Bad-300x192.jpg 300w, https:\/\/event-ww.de\/blog\/wp-content\/uploads\/2018\/06\/2.3.-Doppelzimmer-Deluxe-Su\u0308d-Bad-768x490.jpg 768w, https:\/\/event-ww.de\/blog\/wp-content\/uploads\/2018\/06\/2.3.-Doppelzimmer-Deluxe-Su\u0308d-Bad-150x96.jpg 150w\" sizes=\"(max-width: 1024px) 100vw, 1024px\" \/><p id=\"caption-attachment-5029\" class=\"wp-caption-text\"><\/span> <span style=\"color: #000000;\">Foto: Hotelmanagement<\/span><\/p><\/div>\n<div id=\"attachment_5030\" style=\"width: 778px\" class=\"wp-caption aligncenter\"><img aria-describedby=\"caption-attachment-5030\" loading=\"lazy\" class=\"wp-image-5030 size-large\" src=\"https:\/\/event-ww.de\/blog\/wp-content\/uploads\/2018\/06\/IMG_4136-768x1024.jpg\" alt=\"\" width=\"768\" height=\"1024\" srcset=\"https:\/\/event-ww.de\/blog\/wp-content\/uploads\/2018\/06\/IMG_4136-768x1024.jpg 768w, https:\/\/event-ww.de\/blog\/wp-content\/uploads\/2018\/06\/IMG_4136-225x300.jpg 225w, https:\/\/event-ww.de\/blog\/wp-content\/uploads\/2018\/06\/IMG_4136-113x150.jpg 113w\" sizes=\"(max-width: 768px) 100vw, 768px\" \/><p id=\"caption-attachment-5030\" class=\"wp-caption-text\"><\/span> <span style=\"color: #000000;\">View from our room<\/span><br \/><span style=\"color: #000000;\">Foto: W&amp;W<\/span><\/p><\/div>\n<h2><span style=\"font-family: 'book antiqua', palatino, serif; font-size: 24px; color: #000000;\">The motto at Alpine Palace &#8211; &#8220;Feel royal, enjoy l\u00e4ssig&#8221;<\/span><\/h2>\n<p id=\"tw-target-text\" class=\"tw-data-text tw-ta tw-text-small\" dir=\"ltr\" data-placeholder=\"\u00dcbersetzung\"><span lang=\"en\" style=\"font-family: 'book antiqua', palatino, serif; font-size: 18px; color: #000000;\">The guest at the Alpine Palace experiences Salzburg traditions combined with modern lifestyle. <\/span><\/p>\n<p class=\"tw-data-text tw-ta tw-text-small\" dir=\"ltr\" data-placeholder=\"\u00dcbersetzung\"><span lang=\"en\" style=\"font-family: 'book antiqua', palatino, serif; font-size: 18px; color: #000000;\">The rooms are spacious oases of well-being and the whole hotel smells deliciously of pine wood, which is processed everywhere.<\/span><\/p>\n<p><iframe loading=\"lazy\" src=\"https:\/\/www.youtube.com\/embed\/PKCL6XxxMao\" width=\"560\" height=\"315\" frameborder=\"0\" allowfullscreen=\"allowfullscreen\" data-mce-fragment=\"1\"><\/iframe><\/p>\n<p id=\"tw-target-text\" class=\"tw-data-text tw-ta tw-text-small\" dir=\"ltr\" data-placeholder=\"\u00dcbersetzung\"><span lang=\"en\" style=\"font-family: 'book antiqua', palatino, serif; font-size: 18px; color: #000000;\">The Alpine Palace offers a refuge for body and soul with its spacious SPA area. It&#8217;s a perfect retreat to energize your body after any outdoor activity. <\/span><\/p>\n<p class=\"tw-data-text tw-ta tw-text-small\" dir=\"ltr\" data-placeholder=\"\u00dcbersetzung\"><span lang=\"en\" style=\"font-family: 'book antiqua', palatino, serif; font-size: 18px; color: #000000;\">In the SPA every guest will find lovingly designed details, such as: the root of the house entirely made of wood by the hotel-owner himself. Here, the visitor is individually inspired by how he \/ she wants to recharge their batteries.<\/span><\/p>\n<p><span style=\"color: #000000;\"><img loading=\"lazy\" class=\"aligncenter wp-image-5031\" src=\"https:\/\/event-ww.de\/blog\/wp-content\/uploads\/2018\/06\/28-Beauty-Rezeption-300x185.jpg\" alt=\"\" width=\"500\" height=\"309\" srcset=\"https:\/\/event-ww.de\/blog\/wp-content\/uploads\/2018\/06\/28-Beauty-Rezeption-300x185.jpg 300w, https:\/\/event-ww.de\/blog\/wp-content\/uploads\/2018\/06\/28-Beauty-Rezeption-768x475.jpg 768w, https:\/\/event-ww.de\/blog\/wp-content\/uploads\/2018\/06\/28-Beauty-Rezeption-1024x633.jpg 1024w, https:\/\/event-ww.de\/blog\/wp-content\/uploads\/2018\/06\/28-Beauty-Rezeption-150x93.jpg 150w\" sizes=\"(max-width: 500px) 100vw, 500px\" \/><\/span><\/p>\n<p><span style=\"color: #000000;\"><img loading=\"lazy\" class=\"aligncenter wp-image-5032\" src=\"https:\/\/event-ww.de\/blog\/wp-content\/uploads\/2018\/06\/31-Beauty-Behandlungsraum-300x199.jpg\" alt=\"\" width=\"500\" height=\"332\" srcset=\"https:\/\/event-ww.de\/blog\/wp-content\/uploads\/2018\/06\/31-Beauty-Behandlungsraum-300x199.jpg 300w, https:\/\/event-ww.de\/blog\/wp-content\/uploads\/2018\/06\/31-Beauty-Behandlungsraum-768x510.jpg 768w, https:\/\/event-ww.de\/blog\/wp-content\/uploads\/2018\/06\/31-Beauty-Behandlungsraum-1024x680.jpg 1024w, https:\/\/event-ww.de\/blog\/wp-content\/uploads\/2018\/06\/31-Beauty-Behandlungsraum-150x100.jpg 150w\" sizes=\"(max-width: 500px) 100vw, 500px\" \/><\/span><\/p>\n<div id=\"attachment_5033\" style=\"width: 510px\" class=\"wp-caption aligncenter\"><img aria-describedby=\"caption-attachment-5033\" loading=\"lazy\" class=\"wp-image-5033\" src=\"https:\/\/event-ww.de\/blog\/wp-content\/uploads\/2018\/06\/32-Beauty-Private-Spa-300x195.jpg\" alt=\"\" width=\"500\" height=\"325\" srcset=\"https:\/\/event-ww.de\/blog\/wp-content\/uploads\/2018\/06\/32-Beauty-Private-Spa-300x195.jpg 300w, https:\/\/event-ww.de\/blog\/wp-content\/uploads\/2018\/06\/32-Beauty-Private-Spa-768x500.jpg 768w, https:\/\/event-ww.de\/blog\/wp-content\/uploads\/2018\/06\/32-Beauty-Private-Spa-1024x666.jpg 1024w, https:\/\/event-ww.de\/blog\/wp-content\/uploads\/2018\/06\/32-Beauty-Private-Spa-150x98.jpg 150w\" sizes=\"(max-width: 500px) 100vw, 500px\" \/><p id=\"caption-attachment-5033\" class=\"wp-caption-text\"><\/span> <span style=\"color: #000000;\">Fotos: Hotelmanagement<\/span><\/p><\/div>\n<p><span style=\"font-family: 'book antiqua', palatino, serif; font-size: 18px; color: #000000;\">At the same time, the house offers its guests the opportunity to create a new and varied day by day through a modern gym and a wide range of outdoor activities. <\/span><\/p>\n<p><span style=\"font-family: 'book antiqua', palatino, serif; font-size: 18px; color: #000000;\">We chose the summer sports &amp; activities program with the choice of hiking, mountain biking, carving lessons in the studio, driving Tesla or a helicopter flight for the exit to the <a style=\"color: #000000;\" href=\"https:\/\/www.grossglockner.at\/gg\/de\/hochalpenstrasse\/diehochalpenstrasse\" target=\"_blank\" rel=\"noopener\">Grossglockner<\/a> and a trip to the <a style=\"color: #000000;\" href=\"https:\/\/www.saalbach.com\/de\/service\/infrastruktur\/wieseralm_a_1350\" target=\"_blank\" rel=\"noopener\">Wieseralm<\/a>.<\/span><\/p>\n<p><span style=\"color: #000000;\"><strong><span style=\"font-family: 'book antiqua', palatino, serif; font-size: 18px;\">Car ride to Gro\u00dfglocker &#8211; Hochalpenstra\u00dfe\u00a0<\/span><\/strong><\/span><\/p>\n<p><span style=\"color: #000000;\"><img loading=\"lazy\" class=\"alignnone size-medium wp-image-5034\" src=\"https:\/\/event-ww.de\/blog\/wp-content\/uploads\/2018\/06\/IMG_4090-225x300.jpg\" alt=\"\" width=\"225\" height=\"300\" srcset=\"https:\/\/event-ww.de\/blog\/wp-content\/uploads\/2018\/06\/IMG_4090-225x300.jpg 225w, https:\/\/event-ww.de\/blog\/wp-content\/uploads\/2018\/06\/IMG_4090-768x1024.jpg 768w, https:\/\/event-ww.de\/blog\/wp-content\/uploads\/2018\/06\/IMG_4090-113x150.jpg 113w\" sizes=\"(max-width: 225px) 100vw, 225px\" \/> <img loading=\"lazy\" class=\"alignnone size-medium wp-image-5035\" src=\"https:\/\/event-ww.de\/blog\/wp-content\/uploads\/2018\/06\/IMG_4100-225x300.jpg\" alt=\"\" width=\"225\" height=\"300\" srcset=\"https:\/\/event-ww.de\/blog\/wp-content\/uploads\/2018\/06\/IMG_4100-225x300.jpg 225w, https:\/\/event-ww.de\/blog\/wp-content\/uploads\/2018\/06\/IMG_4100-768x1024.jpg 768w, https:\/\/event-ww.de\/blog\/wp-content\/uploads\/2018\/06\/IMG_4100-113x150.jpg 113w\" sizes=\"(max-width: 225px) 100vw, 225px\" \/> <img loading=\"lazy\" class=\"alignnone size-medium wp-image-5036\" src=\"https:\/\/event-ww.de\/blog\/wp-content\/uploads\/2018\/06\/IMG_4130-300x300.jpg\" alt=\"\" width=\"300\" height=\"300\" srcset=\"https:\/\/event-ww.de\/blog\/wp-content\/uploads\/2018\/06\/IMG_4130-300x300.jpg 300w, https:\/\/event-ww.de\/blog\/wp-content\/uploads\/2018\/06\/IMG_4130-150x150.jpg 150w, https:\/\/event-ww.de\/blog\/wp-content\/uploads\/2018\/06\/IMG_4130-768x767.jpg 768w, https:\/\/event-ww.de\/blog\/wp-content\/uploads\/2018\/06\/IMG_4130-1024x1024.jpg 1024w, https:\/\/event-ww.de\/blog\/wp-content\/uploads\/2018\/06\/IMG_4130-65x65.jpg 65w, https:\/\/event-ww.de\/blog\/wp-content\/uploads\/2018\/06\/IMG_4130.jpg 1080w\" sizes=\"(max-width: 300px) 100vw, 300px\" \/><\/span><\/p>\n<p><span style=\"color: #000000;\"><strong><span style=\"font-family: 'book antiqua', palatino, serif; font-size: 18px;\">Excursion to Wieseralm\u00a0<\/span><\/strong><\/span><\/p>\n<p><span style=\"color: #000000;\"><img loading=\"lazy\" class=\"alignnone size-medium wp-image-5038\" src=\"https:\/\/event-ww.de\/blog\/wp-content\/uploads\/2018\/06\/IMG_4189-225x300.jpg\" alt=\"\" width=\"225\" height=\"300\" srcset=\"https:\/\/event-ww.de\/blog\/wp-content\/uploads\/2018\/06\/IMG_4189-225x300.jpg 225w, https:\/\/event-ww.de\/blog\/wp-content\/uploads\/2018\/06\/IMG_4189-768x1024.jpg 768w, https:\/\/event-ww.de\/blog\/wp-content\/uploads\/2018\/06\/IMG_4189-113x150.jpg 113w\" sizes=\"(max-width: 225px) 100vw, 225px\" \/> <img loading=\"lazy\" class=\"alignnone size-medium wp-image-5039\" src=\"https:\/\/event-ww.de\/blog\/wp-content\/uploads\/2018\/06\/IMG_4191-225x300.jpg\" alt=\"\" width=\"225\" height=\"300\" srcset=\"https:\/\/event-ww.de\/blog\/wp-content\/uploads\/2018\/06\/IMG_4191-225x300.jpg 225w, https:\/\/event-ww.de\/blog\/wp-content\/uploads\/2018\/06\/IMG_4191-768x1024.jpg 768w, https:\/\/event-ww.de\/blog\/wp-content\/uploads\/2018\/06\/IMG_4191-113x150.jpg 113w\" sizes=\"(max-width: 225px) 100vw, 225px\" \/> <img loading=\"lazy\" class=\"alignnone size-medium wp-image-5040\" src=\"https:\/\/event-ww.de\/blog\/wp-content\/uploads\/2018\/06\/IMG_4195-225x300.jpg\" alt=\"\" width=\"225\" height=\"300\" \/><\/span><\/p>\n<h2><span style=\"font-family: 'book antiqua', palatino, serif; font-size: 24px; color: #000000;\">Alpine Palace Gourmet &#8211; culinary arts in perfection<\/span><\/h2>\n<div id=\"tw-target-text-container\" class=\"tw-ta-container tw-nfl\">\n<p id=\"tw-target-text\" class=\"tw-data-text tw-ta tw-text-small\" dir=\"ltr\" data-placeholder=\"\u00dcbersetzung\"><span lang=\"en\" style=\"font-family: 'book antiqua', palatino, serif; font-size: 18px; color: #000000;\">Depending on the personal mood of the day, the Alpine Palace offers different restaurants. From the award-winning restaurant ARTE VINUM, the ski museum or the B\u00fcrgerstuben, to the modern Red Oyster restaurant, guests can decide where they want to enjoy the top-class cuisine of Patrick Raa\u00df.<\/span><\/p>\n<\/div>\n<p><span style=\"color: #000000;\"><img loading=\"lazy\" class=\"aligncenter wp-image-5046\" src=\"https:\/\/event-ww.de\/blog\/wp-content\/uploads\/2018\/06\/IMG_4038-300x225.jpg\" alt=\"\" width=\"600\" height=\"450\" srcset=\"https:\/\/event-ww.de\/blog\/wp-content\/uploads\/2018\/06\/IMG_4038-300x225.jpg 300w, https:\/\/event-ww.de\/blog\/wp-content\/uploads\/2018\/06\/IMG_4038-768x576.jpg 768w, https:\/\/event-ww.de\/blog\/wp-content\/uploads\/2018\/06\/IMG_4038-1024x768.jpg 1024w, https:\/\/event-ww.de\/blog\/wp-content\/uploads\/2018\/06\/IMG_4038-150x113.jpg 150w\" sizes=\"(max-width: 600px) 100vw, 600px\" \/><\/span><\/p>\n<p><span style=\"color: #000000;\"><img loading=\"lazy\" class=\"aligncenter wp-image-5047\" src=\"https:\/\/event-ww.de\/blog\/wp-content\/uploads\/2018\/06\/IMG_4039-e1529754288834-225x300.jpg\" alt=\"\" width=\"600\" height=\"800\" srcset=\"https:\/\/event-ww.de\/blog\/wp-content\/uploads\/2018\/06\/IMG_4039-e1529754288834-225x300.jpg 225w, https:\/\/event-ww.de\/blog\/wp-content\/uploads\/2018\/06\/IMG_4039-e1529754288834-768x1024.jpg 768w, https:\/\/event-ww.de\/blog\/wp-content\/uploads\/2018\/06\/IMG_4039-e1529754288834-113x150.jpg 113w\" sizes=\"(max-width: 600px) 100vw, 600px\" \/><\/span><\/p>\n<div id=\"tw-target-text-container\" class=\"tw-ta-container tw-nfl\">\n<p id=\"tw-target-text\" class=\"tw-data-text tw-ta tw-text-small\" dir=\"ltr\" data-placeholder=\"\u00dcbersetzung\"><span lang=\"en\" style=\"font-family: 'book antiqua', palatino, serif; font-size: 18px; color: #000000;\">Patrick Raa\u00df began his career with an apprenticeship as a chef and waiter in Tyrol. Stations such as Heinz Winkler in Aschau, Hans Haas in Tantris, Johann Lafer and most recently over 10 years as a chef at Alfons Schuhbeck in Munich in the South Tyrolean Stube characterize his career.<\/span><\/p>\n<\/div>\n<p><span style=\"color: #000000;\"><img loading=\"lazy\" class=\"alignnone wp-image-5049\" src=\"https:\/\/event-ww.de\/blog\/wp-content\/uploads\/2018\/06\/IMG_4149-225x300.jpg\" alt=\"\" width=\"300\" height=\"400\" srcset=\"https:\/\/event-ww.de\/blog\/wp-content\/uploads\/2018\/06\/IMG_4149-225x300.jpg 225w, https:\/\/event-ww.de\/blog\/wp-content\/uploads\/2018\/06\/IMG_4149-768x1024.jpg 768w, https:\/\/event-ww.de\/blog\/wp-content\/uploads\/2018\/06\/IMG_4149-113x150.jpg 113w\" sizes=\"(max-width: 300px) 100vw, 300px\" \/> <img loading=\"lazy\" class=\"alignnone wp-image-5101\" src=\"https:\/\/event-ww.de\/blog\/wp-content\/uploads\/2018\/06\/IMG_4239-1.jpg\" alt=\"\" width=\"300\" height=\"400\" srcset=\"https:\/\/event-ww.de\/blog\/wp-content\/uploads\/2018\/06\/IMG_4239-1.jpg 3024w, https:\/\/event-ww.de\/blog\/wp-content\/uploads\/2018\/06\/IMG_4239-1-225x300.jpg 225w, https:\/\/event-ww.de\/blog\/wp-content\/uploads\/2018\/06\/IMG_4239-1-768x1024.jpg 768w, https:\/\/event-ww.de\/blog\/wp-content\/uploads\/2018\/06\/IMG_4239-1-113x150.jpg 113w\" sizes=\"(max-width: 300px) 100vw, 300px\" \/>\u00a0<img loading=\"lazy\" class=\"alignnone wp-image-5053\" src=\"https:\/\/event-ww.de\/blog\/wp-content\/uploads\/2018\/06\/IMG_4155-225x300.jpg\" alt=\"\" width=\"300\" height=\"400\" srcset=\"https:\/\/event-ww.de\/blog\/wp-content\/uploads\/2018\/06\/IMG_4155-225x300.jpg 225w, https:\/\/event-ww.de\/blog\/wp-content\/uploads\/2018\/06\/IMG_4155-768x1024.jpg 768w, https:\/\/event-ww.de\/blog\/wp-content\/uploads\/2018\/06\/IMG_4155-113x150.jpg 113w\" sizes=\"(max-width: 300px) 100vw, 300px\" \/><\/span><\/p>\n<p><span style=\"color: #000000;\"><img loading=\"lazy\" class=\"alignnone wp-image-5056\" src=\"https:\/\/event-ww.de\/blog\/wp-content\/uploads\/2018\/06\/IMG_4170-225x300.jpg\" alt=\"\" width=\"300\" height=\"400\" srcset=\"https:\/\/event-ww.de\/blog\/wp-content\/uploads\/2018\/06\/IMG_4170-225x300.jpg 225w, https:\/\/event-ww.de\/blog\/wp-content\/uploads\/2018\/06\/IMG_4170-768x1024.jpg 768w, https:\/\/event-ww.de\/blog\/wp-content\/uploads\/2018\/06\/IMG_4170-113x150.jpg 113w, https:\/\/event-ww.de\/blog\/wp-content\/uploads\/2018\/06\/IMG_4170.jpg 1536w\" sizes=\"(max-width: 300px) 100vw, 300px\" \/> <img loading=\"lazy\" class=\"alignnone wp-image-5060\" src=\"https:\/\/event-ww.de\/blog\/wp-content\/uploads\/2018\/06\/IMG_4247-225x300.jpg\" alt=\"\" width=\"300\" height=\"400\" srcset=\"https:\/\/event-ww.de\/blog\/wp-content\/uploads\/2018\/06\/IMG_4247-225x300.jpg 225w, https:\/\/event-ww.de\/blog\/wp-content\/uploads\/2018\/06\/IMG_4247-768x1024.jpg 768w, https:\/\/event-ww.de\/blog\/wp-content\/uploads\/2018\/06\/IMG_4247-113x150.jpg 113w\" sizes=\"(max-width: 300px) 100vw, 300px\" \/>\u00a0<img loading=\"lazy\" class=\"alignnone wp-image-5059\" src=\"https:\/\/event-ww.de\/blog\/wp-content\/uploads\/2018\/06\/IMG_4242-225x300.jpg\" alt=\"\" width=\"300\" height=\"400\" srcset=\"https:\/\/event-ww.de\/blog\/wp-content\/uploads\/2018\/06\/IMG_4242-225x300.jpg 225w, https:\/\/event-ww.de\/blog\/wp-content\/uploads\/2018\/06\/IMG_4242-768x1024.jpg 768w, https:\/\/event-ww.de\/blog\/wp-content\/uploads\/2018\/06\/IMG_4242-113x150.jpg 113w\" sizes=\"(max-width: 300px) 100vw, 300px\" \/><\/span><\/p>\n<div id=\"tw-target-text-container\" class=\"tw-ta-container tw-nfl\">\n<p id=\"tw-target-text\" class=\"tw-data-text tw-ta tw-text-small\" dir=\"ltr\" data-placeholder=\"\u00dcbersetzung\"><span lang=\"en\" style=\"font-family: 'book antiqua', palatino, serif; font-size: 18px; color: #000000;\">Here the Alpine Palace lives its motto &#8220;Feel royal, enjoy l\u00e4ssig&#8221; in perfection. The guest not only finds unique and imaginative cuisine with regional top products and top international quality in his gourmet menu, also the craftsman and master of these dishes is always personally approachable for the guest. Patrick Raa\u00df is a top chef with proximity to the guest and with his casual style fits perfectly to the house.<\/span><\/p>\n<\/div>\n<p><span style=\"color: #000000;\"><img loading=\"lazy\" class=\"aligncenter wp-image-5045\" src=\"https:\/\/event-ww.de\/blog\/wp-content\/uploads\/2018\/06\/WW-mit-Patrick-Raa\u00df-in-seiner-Ku\u0308che-225x300.jpg\" alt=\"\" width=\"375\" height=\"500\" \/><\/span><\/p>\n<p>&nbsp;<\/p>\n<h2><span style=\"font-family: 'book antiqua', palatino, serif; font-size: 24px; color: #000000;\">Our stay at Alpine Palace \u2013 summary\u00a0<\/span><\/h2>\n<p id=\"tw-target-text\" class=\"tw-data-text tw-ta tw-text-small\" dir=\"ltr\" data-placeholder=\"\u00dcbersetzung\"><span lang=\"en\" style=\"font-family: 'book antiqua', palatino, serif; font-size: 18px; color: #000000;\">The Alpine Palace is in the truest sense of the word an all-round experience at a high level. The family and the entire team are perfectly attuned to the generations X, Y and currently Z, who want to experience their holidays in a modern and flexible way. <\/span><\/p>\n<p class=\"tw-data-text tw-ta tw-text-small\" dir=\"ltr\" data-placeholder=\"\u00dcbersetzung\"><span lang=\"en\" style=\"font-family: 'book antiqua', palatino, serif; font-size: 18px; color: #000000;\">That impressed us a lot. We had put together for our stay a combination of road trip, wellness and cuisine. <\/span><\/p>\n<p class=\"tw-data-text tw-ta tw-text-small\" dir=\"ltr\" data-placeholder=\"\u00dcbersetzung\"><span lang=\"en\" style=\"font-family: 'book antiqua', palatino, serif; font-size: 18px; color: #000000;\">Our day&#8217;s experiences we reviewed in the afternoon in the wellness area with saltwater outdoor pool. <\/span><\/p>\n<p class=\"tw-data-text tw-ta tw-text-small\" dir=\"ltr\" data-placeholder=\"\u00dcbersetzung\"><span lang=\"en\" style=\"font-family: 'book antiqua', palatino, serif; font-size: 18px; color: #000000;\">With the collected impressions, we went relaxed every evening for dinner and then enjoyed some fine drinks at the hotel bar.<\/span><\/p>\n<p><span style=\"font-family: 'book antiqua', palatino, serif; font-size: 18px; color: #000000;\"><img loading=\"lazy\" class=\"wp-image-5073 alignleft\" src=\"https:\/\/event-ww.de\/blog\/wp-content\/uploads\/2018\/06\/IMG_4166-e1529755419461-225x300.jpg\" alt=\"\" width=\"338\" height=\"450\" srcset=\"https:\/\/event-ww.de\/blog\/wp-content\/uploads\/2018\/06\/IMG_4166-e1529755419461-225x300.jpg 225w, https:\/\/event-ww.de\/blog\/wp-content\/uploads\/2018\/06\/IMG_4166-e1529755419461-768x1024.jpg 768w, https:\/\/event-ww.de\/blog\/wp-content\/uploads\/2018\/06\/IMG_4166-e1529755419461-113x150.jpg 113w\" sizes=\"(max-width: 338px) 100vw, 338px\" \/><img loading=\"lazy\" class=\"wp-image-5074 alignright\" src=\"https:\/\/event-ww.de\/blog\/wp-content\/uploads\/2018\/06\/IMG_4031-225x300.jpg\" alt=\"\" width=\"338\" height=\"450\" srcset=\"https:\/\/event-ww.de\/blog\/wp-content\/uploads\/2018\/06\/IMG_4031-225x300.jpg 225w, https:\/\/event-ww.de\/blog\/wp-content\/uploads\/2018\/06\/IMG_4031-768x1024.jpg 768w, https:\/\/event-ww.de\/blog\/wp-content\/uploads\/2018\/06\/IMG_4031-113x150.jpg 113w\" sizes=\"(max-width: 338px) 100vw, 338px\" \/><\/span><\/p>\n<p>&nbsp;<\/p>\n<p>&nbsp;<\/p>\n<p>&nbsp;<\/p>\n<p>&nbsp;<\/p>\n<p>&nbsp;<\/p>\n<p>&nbsp;<\/p>\n<p>&nbsp;<\/p>\n<p>&nbsp;<\/p>\n<p>&nbsp;<\/p>\n<p>&nbsp;<\/p>\n<p>&nbsp;<\/p>\n<p>&nbsp;<\/p>\n<p id=\"tw-target-text\" class=\"tw-data-text tw-ta tw-text-small\" dir=\"ltr\" data-placeholder=\"\u00dcbersetzung\"><span lang=\"en\" style=\"font-family: 'book antiqua', palatino, serif; font-size: 18px; color: #000000;\">With wonderful taste experiences that we combined with the matching wines from the excellent wine list, and good conversations, we enjoyed the charm of the house. <\/span><\/p>\n<p class=\"tw-data-text tw-ta tw-text-small\" dir=\"ltr\" data-placeholder=\"\u00dcbersetzung\"><span lang=\"en\" style=\"font-family: 'book antiqua', palatino, serif; font-size: 18px; color: #000000;\">The perfect end to the day we silently on our balcony with stunning views of the mountain. <\/span><\/p>\n<p class=\"tw-data-text tw-ta tw-text-small\" dir=\"ltr\" data-placeholder=\"\u00dcbersetzung\"><span lang=\"en\" style=\"font-family: 'book antiqua', palatino, serif; font-size: 18px; color: #000000;\">Thanks to everyone involved for this wonderful time!<\/span><\/p>\n<p><span style=\"color: #000000;\"><img loading=\"lazy\" class=\"aligncenter wp-image-5072 size-large\" src=\"https:\/\/event-ww.de\/blog\/wp-content\/uploads\/2018\/06\/IMG_3974-1024x768.jpg\" alt=\"\" width=\"1024\" height=\"768\" srcset=\"https:\/\/event-ww.de\/blog\/wp-content\/uploads\/2018\/06\/IMG_3974-1024x768.jpg 1024w, https:\/\/event-ww.de\/blog\/wp-content\/uploads\/2018\/06\/IMG_3974-300x225.jpg 300w, https:\/\/event-ww.de\/blog\/wp-content\/uploads\/2018\/06\/IMG_3974-768x576.jpg 768w, https:\/\/event-ww.de\/blog\/wp-content\/uploads\/2018\/06\/IMG_3974-150x113.jpg 150w\" sizes=\"(max-width: 1024px) 100vw, 1024px\" \/><\/span><\/p>\n<p><span style=\"color: #000000;\">**********************************************************************************************************************************************<\/span><\/p>\n<h2><span style=\"font-family: 'book antiqua', palatino, serif; font-size: 18px; color: #000000;\">Further information:\u00a0<\/span><\/h2>\n<ul>\n<li>\n<p id=\"tw-target-text\" class=\"tw-data-text tw-ta tw-text-small\" dir=\"ltr\" data-placeholder=\"\u00dcbersetzung\"><span lang=\"en\" style=\"font-family: 'book antiqua', palatino, serif; font-size: 18px; color: #000000;\">The Hotel Alpine Palace is 184 km and about 2 hours 40 minutes away from Munich. <\/span><\/p>\n<\/li>\n<li>\n<p id=\"tw-target-text\" class=\"tw-data-text tw-ta tw-text-small\" dir=\"ltr\" data-placeholder=\"\u00dcbersetzung\"><span lang=\"en\" style=\"font-family: 'book antiqua', palatino, serif; font-size: 18px; color: #000000;\">Short walk (25 meters) to the Reiterkogelbahn, from where you can start skiing in &amp; out or bike in &amp; out immediately. <\/span><\/p>\n<\/li>\n<li>\n<p id=\"tw-target-text\" class=\"tw-data-text tw-ta tw-text-small\" dir=\"ltr\" data-placeholder=\"\u00dcbersetzung\"><span lang=\"en\" style=\"font-family: 'book antiqua', palatino, serif; font-size: 18px; color: #000000;\">Also on the social networks, the Alpine Palace is very well positioned and always up to date to reach all those interested in various events such as motorcycle events, Ferrari meetings, charity events, mountain bike or farmer&#8217;s market.<\/span><\/p>\n<\/li>\n<\/ul>\n<h2><span style=\"font-family: 'book antiqua', palatino, serif; font-size: 18px; color: #000000;\">Our social media posts during the stay\u00a0\u00a0<\/span><\/h2>\n<blockquote class=\"instagram-media\" style=\"background: #FFF; border: 0; border-radius: 3px; box-shadow: 0 0 1px 0 rgba(0,0,0,0.5),0 1px 10px 0 rgba(0,0,0,0.15); margin: 1px; max-width: 658px; padding: 0; width: calc(100% - 2px);\" data-instgrm-captioned=\"\" data-instgrm-permalink=\"https:\/\/www.instagram.com\/p\/BkGLrsFHpwb\/\" data-instgrm-version=\"8\">\n<div style=\"padding: 8px;\">\n<div style=\"background: #F8F8F8; line-height: 0; margin-top: 40px; padding: 50.0% 0; text-align: center; width: 50%;\">\n<div style=\"background: url(data:image\/png; base64,ivborw0kggoaaaansuheugaaacwaaaascamaaaapwqozaaaabgdbtueaalgpc\/xhbqaaaafzukdcak7ohokaaaamuexurczmzpf399fx1+bm5mzy9amaaadisurbvdjlvzxbesmgces5\/p8\/t9furvcrmu73jwlzosgsiizurcjo\/ad+eqjjb4hv8bft+idpqocx1wjosbfhh2xssxeiyn3uli\/6mnree07uiwjev8ueowds88ly97kqytlijkktuybbruayvh5wohixmpi5we58ek028czwyuqdlkpg1bkb4nnm+veanfhqn1k4+gpt6ugqcvu2h2ovuif\/gwufyy8owepdyzsa3avcqpvovvzzz2vtnn2wu8qzvjddeto90gsy9mvlqtgysy231mxry6i2ggqjrty0l8fxcxfcbbhwrsyyaaaaaelftksuqmcc); display: block; height: 44px; margin: 0 auto -44px; position: relative; top: -22px; width: 44px;\"><\/div>\n<\/div>\n<p style=\"margin: 8px 0 0 0; padding: 0 4px;\"><span style=\"color: #000000;\"><a style=\"color: #000; font-family: Arial,sans-serif; font-size: 14px; font-style: normal; font-weight: normal; line-height: 17px; text-decoration: none; word-wrap: break-word;\" href=\"https:\/\/www.instagram.com\/p\/BkGLrsFHpwb\/\" target=\"_blank\" rel=\"noopener\">*Advertisement l #fine #dinner tonight @alpinepalace created by #Starchef #PatrickRaa\u00df \ud83d\ude4f\ud83d\ude4f\ud83d\ude4f #placetobe #Saalbach \u2600\ud83c\udde6\ud83c\uddf9\u2764 #thefinerthings #thefinerthingsinlife #stayroyalenjoyl\u00e4ssig #homeofl\u00e4ssig #alpinepalace #alpinepalacehotel #austria #qualitytime #food #picoftheday #lifestyle #luxurylifestyle #instagood #instamood #instatravel #travel #vacation #urlaub #foodporn #loupdemer #wolfsbarsch #finedining #yummy #yum<\/a><\/span><\/p>\n<p style=\"color: #c9c8cd; font-family: Arial,sans-serif; font-size: 14px; line-height: 17px; margin-bottom: 0; margin-top: 8px; overflow: hidden; padding: 8px 0 7px; text-align: center; text-overflow: ellipsis; white-space: nowrap;\"><span style=\"color: #000000;\">Ein Beitrag geteilt von <a style=\"color: #000000; font-family: Arial, sans-serif; font-size: 14px; font-style: normal; font-weight: normal; line-height: 17px;\" href=\"https:\/\/www.instagram.com\/eventsbyww\/\" target=\"_blank\" rel=\"noopener\"> Luxury Lifestyle BLOG\ud83d\udee9\ud83c\udf7e<\/a> (@eventsbyww) am <time style=\"font-family: Arial,sans-serif; font-size: 14px; line-height: 17px;\" datetime=\"2018-06-16T19:03:58+00:00\">Jun 16, 2018 um 12:03 PDT<\/time><\/span><\/p>\n<\/div>\n<\/blockquote>\n<p><span style=\"color: #000000;\"><script async defer src=\"\/\/www.instagram.com\/embed.js\"><\/script><\/span><\/p>\n<blockquote class=\"instagram-media\" style=\"background: #FFF; border: 0; border-radius: 3px; box-shadow: 0 0 1px 0 rgba(0,0,0,0.5),0 1px 10px 0 rgba(0,0,0,0.15); margin: 1px; max-width: 658px; padding: 0; width: calc(100% - 2px);\" data-instgrm-captioned=\"\" data-instgrm-permalink=\"https:\/\/www.instagram.com\/p\/BkHp4RRnvN7\/\" data-instgrm-version=\"8\">\n<div style=\"padding: 8px;\">\n<div style=\"background: #F8F8F8; line-height: 0; margin-top: 40px; padding: 50.0% 0; text-align: center; width: 50%;\">\n<div style=\"background: url(data:image\/png; base64,ivborw0kggoaaaansuheugaaacwaaaascamaaaapwqozaaaabgdbtueaalgpc\/xhbqaaaafzukdcak7ohokaaaamuexurczmzpf399fx1+bm5mzy9amaaadisurbvdjlvzxbesmgces5\/p8\/t9furvcrmu73jwlzosgsiizurcjo\/ad+eqjjb4hv8bft+idpqocx1wjosbfhh2xssxeiyn3uli\/6mnree07uiwjev8ueowds88ly97kqytlijkktuybbruayvh5wohixmpi5we58ek028czwyuqdlkpg1bkb4nnm+veanfhqn1k4+gpt6ugqcvu2h2ovuif\/gwufyy8owepdyzsa3avcqpvovvzzz2vtnn2wu8qzvjddeto90gsy9mvlqtgysy231mxry6i2ggqjrty0l8fxcxfcbbhwrsyyaaaaaelftksuqmcc); display: block; height: 44px; margin: 0 auto -44px; position: relative; top: -22px; width: 44px;\"><\/div>\n<\/div>\n<p style=\"margin: 8px 0 0 0; padding: 0 4px;\"><span style=\"color: #000000;\"><a style=\"color: #000; font-family: Arial,sans-serif; font-size: 14px; font-style: normal; font-weight: normal; line-height: 17px; text-decoration: none; word-wrap: break-word;\" href=\"https:\/\/www.instagram.com\/p\/BkHp4RRnvN7\/\" target=\"_blank\" rel=\"noopener\">*Advertisement I Enjoying the last #morning with a glass of #ros\u00e9 and #croissant #breakfast @alpinepalace \ud83d\ude4f\u2600 thanks for having us \ud83c\udde6\ud83c\uddf9\ud83d\udc4c #thefinerthings #thefinerthingsinlife #lifestyle #feelroyalenjoyl\u00e4ssig #alpinepalace #saalbach #austria #qualitytime #instagood #instamood #champagnemoments #savewaterdrinkchampagne #food #poolview #luxuryhotel #homeofl\u00e4ssig #vacation #holiday #picoftheday #instatravel<\/a><\/span><\/p>\n<p style=\"color: #c9c8cd; font-family: Arial,sans-serif; font-size: 14px; line-height: 17px; margin-bottom: 0; margin-top: 8px; overflow: hidden; padding: 8px 0 7px; text-align: center; text-overflow: ellipsis; white-space: nowrap;\"><span style=\"color: #000000;\">Ein Beitrag geteilt von <a style=\"color: #000000; font-family: Arial, sans-serif; font-size: 14px; font-style: normal; font-weight: normal; line-height: 17px;\" href=\"https:\/\/www.instagram.com\/eventsbyww\/\" target=\"_blank\" rel=\"noopener\"> Luxury Lifestyle BLOG\ud83d\udee9\ud83c\udf7e<\/a> (@eventsbyww) am <time style=\"font-family: Arial,sans-serif; font-size: 14px; line-height: 17px;\" datetime=\"2018-06-17T08:47:04+00:00\">Jun 17, 2018 um 1:47 PDT<\/time><\/span><\/p>\n<\/div>\n<\/blockquote>\n<p><span style=\"color: #000000;\"><script async defer src=\"\/\/www.instagram.com\/embed.js\"><\/script><\/span><\/p>\n<blockquote class=\"instagram-media\" style=\"background: #FFF; border: 0; border-radius: 3px; box-shadow: 0 0 1px 0 rgba(0,0,0,0.5),0 1px 10px 0 rgba(0,0,0,0.15); margin: 1px; max-width: 658px; padding: 0; width: calc(100% - 2px);\" data-instgrm-captioned=\"\" data-instgrm-permalink=\"https:\/\/www.instagram.com\/p\/BkC_U2cHjkl\/\" data-instgrm-version=\"8\">\n<div style=\"padding: 8px;\">\n<div style=\"background: #F8F8F8; line-height: 0; margin-top: 40px; padding: 50% 0; text-align: center; width: 50%;\">\n<div style=\"background: url(data:image\/png; base64,ivborw0kggoaaaansuheugaaacwaaaascamaaaapwqozaaaabgdbtueaalgpc\/xhbqaaaafzukdcak7ohokaaaamuexurczmzpf399fx1+bm5mzy9amaaadisurbvdjlvzxbesmgces5\/p8\/t9furvcrmu73jwlzosgsiizurcjo\/ad+eqjjb4hv8bft+idpqocx1wjosbfhh2xssxeiyn3uli\/6mnree07uiwjev8ueowds88ly97kqytlijkktuybbruayvh5wohixmpi5we58ek028czwyuqdlkpg1bkb4nnm+veanfhqn1k4+gpt6ugqcvu2h2ovuif\/gwufyy8owepdyzsa3avcqpvovvzzz2vtnn2wu8qzvjddeto90gsy9mvlqtgysy231mxry6i2ggqjrty0l8fxcxfcbbhwrsyyaaaaaelftksuqmcc); display: block; height: 44px; margin: 0 auto -44px; position: relative; top: -22px; width: 44px;\"><\/div>\n<\/div>\n<p style=\"margin: 8px 0 0 0; padding: 0 4px;\"><span style=\"color: #000000;\"><a style=\"color: #000; font-family: Arial,sans-serif; font-size: 14px; font-style: normal; font-weight: normal; line-height: 17px; text-decoration: none; word-wrap: break-word;\" href=\"https:\/\/www.instagram.com\/p\/BkC_U2cHjkl\/\" target=\"_blank\" rel=\"noopener\">#greetings from the amazing #grossglockner near @saalbach_com \u2600 we did an #unforgettable ride today (#grossglocknerhochalpenstrasse ) and enjoyed a #spectacular view. For all #sportscar enthusiats as well as #bikers this road is an absolute must and it is very easy to get there from #Saalbach. \u2600\u2600\u2600 #holiday #vacation #f430 #ferrari #instagood #instamood #feelroyalenjoyl\u00e4ssig #mountainview #mointains #picoftheday #qualitytime #lifestyle #luxurylifestyle #austria #weloveaustria #homeofl\u00e4ssig #\u00f6sterreich #tgif #instatravel<\/a><\/span><\/p>\n<p style=\"color: #c9c8cd; font-family: Arial,sans-serif; font-size: 14px; line-height: 17px; margin-bottom: 0; margin-top: 8px; overflow: hidden; padding: 8px 0 7px; text-align: center; text-overflow: ellipsis; white-space: nowrap;\"><span style=\"color: #000000;\">Ein Beitrag geteilt von <a style=\"color: #000000; font-family: Arial, sans-serif; font-size: 14px; font-style: normal; font-weight: normal; line-height: 17px;\" href=\"https:\/\/www.instagram.com\/eventsbyww\/\" target=\"_blank\" rel=\"noopener\"> Luxury Lifestyle BLOG\ud83d\udee9\ud83c\udf7e<\/a> (@eventsbyww) am <time style=\"font-family: Arial,sans-serif; font-size: 14px; line-height: 17px;\" datetime=\"2018-06-15T13:18:16+00:00\">Jun 15, 2018 um 6:18 PDT<\/time><\/span><\/p>\n<\/div>\n<\/blockquote>\n<p><span style=\"color: #000000;\"><script async defer src=\"\/\/www.instagram.com\/embed.js\"><\/script><\/span><\/p>\n","protected":false},"excerpt":{"rendered":"<p>Alpine Palace in Saalbach &#8211; Background on the region\u00a0\u00a0 Saalbach-Hinterglemm has as of 1. January 2017 2.896 inhabitants and is a municipality in Pinzgau in the state of Salzburg in Austria. Saalbach belongs to the Kitzb\u00fchel Alps and lies in a valley running from west to east of the Saalach, the Glemmtal. The oldest evidence&hellip;<\/p>\n","protected":false},"author":1,"featured_media":5084,"comment_status":"open","ping_status":"open","sticky":false,"template":"","format":"gallery","meta":{"_monsterinsights_skip_tracking":false,"_monsterinsights_sitenote_active":false,"_monsterinsights_sitenote_note":"","_monsterinsights_sitenote_category":0},"categories":[891,894],"tags":[940,947,183,951,1094,944,954,888,431,952,941,932,953,51,950],"yst_prominent_words":[],"_links":{"self":[{"href":"https:\/\/event-ww.de\/blog\/wp-json\/wp\/v2\/posts\/5082\/?lang=en"}],"collection":[{"href":"https:\/\/event-ww.de\/blog\/wp-json\/wp\/v2\/posts\/?lang=en"}],"about":[{"href":"https:\/\/event-ww.de\/blog\/wp-json\/wp\/v2\/types\/post\/?lang=en"}],"author":[{"embeddable":true,"href":"https:\/\/event-ww.de\/blog\/wp-json\/wp\/v2\/users\/1\/?lang=en"}],"replies":[{"embeddable":true,"href":"https:\/\/event-ww.de\/blog\/wp-json\/wp\/v2\/comments\/?lang=en&post=5082"}],"version-history":[{"count":0,"href":"https:\/\/event-ww.de\/blog\/wp-json\/wp\/v2\/posts\/5082\/revisions\/?lang=en"}],"wp:featuredmedia":[{"embeddable":true,"href":"https:\/\/event-ww.de\/blog\/wp-json\/wp\/v2\/media\/5084\/?lang=en"}],"wp:attachment":[{"href":"https:\/\/event-ww.de\/blog\/wp-json\/wp\/v2\/media\/?lang=en&parent=5082"}],"wp:term":[{"taxonomy":"category","embeddable":true,"href":"https:\/\/event-ww.de\/blog\/wp-json\/wp\/v2\/categories\/?lang=en&post=5082"},{"taxonomy":"post_tag","embeddable":true,"href":"https:\/\/event-ww.de\/blog\/wp-json\/wp\/v2\/tags\/?lang=en&post=5082"},{"taxonomy":"yst_prominent_words","embeddable":true,"href":"https:\/\/event-ww.de\/blog\/wp-json\/wp\/v2\/yst_prominent_words\/?lang=en&post=5082"}],"curies":[{"name":"wp","href":"https:\/\/api.w.org\/{rel}","templated":true}]}}