{"id":7335,"date":"2019-07-21T18:31:54","date_gmt":"2019-07-21T16:31:54","guid":{"rendered":"https:\/\/event-ww.de\/blog\/?p=7335"},"modified":"2019-07-23T20:08:45","modified_gmt":"2019-07-23T18:08:45","slug":"brenners-park-hotel","status":"publish","type":"post","link":"https:\/\/event-ww.de\/blog\/brenners-park-hotel\/","title":{"rendered":"Brenners Park-Hotel &#038; SPA in Baden-Baden"},"content":{"rendered":"\n<h2><strong>Ein<\/strong>&nbsp;<strong>Grandhotel\nam Puls der Zeit<\/strong><\/h2>\n\n\n\n<p style=\"color:#000000\" class=\"has-text-color has-medium-font-size\">Das \u201e<strong>Brenners<\/strong>\u201c, wie das <a href=\"https:\/\/www.oetkercollection.com\/de\/hotels\/brenners-park-hotel-spa\/\" target=\"_blank\" rel=\"noreferrer noopener\" aria-label=\"Grandhotel (\u00f6ffnet in neuem Tab)\">Grandhotel<\/a> von seinen G\u00e4sten liebevoll genannt wird, wurde 1872 an der Lichtentaler Allee er\u00f6ffnet und hat in seiner \u00fcber 145-j\u00e4hrigen Hotelgeschichte nur zweimal den Besitzer gewechselt.<\/p>\n\n\n\n<p style=\"color:#000000\" class=\"has-text-color has-medium-font-size\">International ist das Brenners bei Kennern bekannt und gesch\u00e4tzt. Durch die stetigen innovativen Entwicklungen des Hotels ist es immer am Puls der Zeit geblieben und hat sicher nichts von einem verstaubten Grandhotel.<\/p>\n\n\n\n<div class=\"wp-block-image\"><figure class=\"aligncenter\"><img loading=\"lazy\" width=\"1024\" height=\"620\" src=\"https:\/\/event-ww.de\/blog\/wp-content\/uploads\/2019\/07\/Brenners-Park-Hotel-Spa-Lobby_5898-1024x620.jpg\" alt=\"\" class=\"wp-image-7345\" srcset=\"https:\/\/event-ww.de\/blog\/wp-content\/uploads\/2019\/07\/Brenners-Park-Hotel-Spa-Lobby_5898-1024x620.jpg 1024w, https:\/\/event-ww.de\/blog\/wp-content\/uploads\/2019\/07\/Brenners-Park-Hotel-Spa-Lobby_5898-300x182.jpg 300w, https:\/\/event-ww.de\/blog\/wp-content\/uploads\/2019\/07\/Brenners-Park-Hotel-Spa-Lobby_5898-768x465.jpg 768w, https:\/\/event-ww.de\/blog\/wp-content\/uploads\/2019\/07\/Brenners-Park-Hotel-Spa-Lobby_5898-150x91.jpg 150w\" sizes=\"(max-width: 1024px) 100vw, 1024px\" \/><figcaption>Fotocredit: offizielles Material vom Hotel<\/figcaption><\/figure><\/div>\n\n\n\n<p style=\"color:#000000\" class=\"has-text-color has-medium-font-size\">Dass dies in der heutigen Zeit f\u00fcr ein Haus mit langer Tradition m\u00f6glich ist, zeigt das \u201eBrenners\u201c perfekt und leicht in jedem Detail.&nbsp;Hotelbesucher m\u00f6chten heutzutage beispielsweise  sp\u00fcren, dass sie in einem Hotel Gast sind, in  dem sich das gesamte Umfeld, angefangen vom Zimmerm\u00e4dchen bis hin zum Management gleicherma\u00dfen wohl f\u00fchlt. Sie m\u00f6chten  auch wissen, woher die verwendeten Produkte und Zutaten stammen und wie sie produziert werden. Um solch ein harmonisches Umfeld zu schaffen, muss man sich innovativen Zukunftskonzepten stellen und sie sukzessive umsetzen. Daf\u00fcr steht das Brenners seit Jahrzehnten eindrucksvoll an der Spitze der internationalen Hotellerie.<\/p>\n\n\n\n<ul class=\"wp-block-gallery columns-2 is-cropped\"><li class=\"blocks-gallery-item\"><figure><img loading=\"lazy\" width=\"768\" height=\"1024\" src=\"https:\/\/event-ww.de\/blog\/wp-content\/uploads\/2019\/07\/Brenners-93-768x1024.jpg\" alt=\"\" data-id=\"7409\" data-link=\"https:\/\/event-ww.de\/blog\/brenners-93-2\/\" class=\"wp-image-7409\" srcset=\"https:\/\/event-ww.de\/blog\/wp-content\/uploads\/2019\/07\/Brenners-93.jpg 768w, https:\/\/event-ww.de\/blog\/wp-content\/uploads\/2019\/07\/Brenners-93-225x300.jpg 225w, https:\/\/event-ww.de\/blog\/wp-content\/uploads\/2019\/07\/Brenners-93-113x150.jpg 113w\" sizes=\"(max-width: 768px) 100vw, 768px\" \/><figcaption>Private Villa <\/figcaption><\/figure><\/li><li class=\"blocks-gallery-item\"><figure><img loading=\"lazy\" width=\"768\" height=\"1024\" src=\"https:\/\/event-ww.de\/blog\/wp-content\/uploads\/2019\/07\/Brenners-6-768x1024.jpg\" alt=\"\" data-id=\"7407\" data-link=\"https:\/\/event-ww.de\/blog\/brenners-6-2\/\" class=\"wp-image-7407\" srcset=\"https:\/\/event-ww.de\/blog\/wp-content\/uploads\/2019\/07\/Brenners-6.jpg 768w, https:\/\/event-ww.de\/blog\/wp-content\/uploads\/2019\/07\/Brenners-6-225x300.jpg 225w, https:\/\/event-ww.de\/blog\/wp-content\/uploads\/2019\/07\/Brenners-6-113x150.jpg 113w\" sizes=\"(max-width: 768px) 100vw, 768px\" \/><figcaption>Private Villa<\/figcaption><\/figure><\/li><\/ul>\n\n\n\n<h2>Alkoven Suite <\/h2>\n\n\n\n<p style=\"color:#000000\" class=\"has-text-color has-medium-font-size\">Die Bilder und die Roomtour sprechen f\u00fcr sich. Die Suite ist mehr als ger\u00e4umig und bietet einen fantastischen Blick in den Park.<\/p>\n\n\n\n<figure class=\"wp-block-embed-youtube wp-block-embed is-type-video is-provider-youtube wp-embed-aspect-4-3 wp-has-aspect-ratio\"><div class=\"wp-block-embed__wrapper\">\n<iframe loading=\"lazy\" title=\"Roomtour - Brenners Park Hotel Baden Baden\" width=\"500\" height=\"375\" src=\"https:\/\/www.youtube.com\/embed\/ao4o2awnlUo?feature=oembed\" frameborder=\"0\" allow=\"accelerometer; autoplay; encrypted-media; gyroscope; picture-in-picture\" allowfullscreen><\/iframe>\n<\/div><\/figure>\n\n\n\n<ul class=\"wp-block-gallery columns-3 is-cropped\"><li class=\"blocks-gallery-item\"><figure><img loading=\"lazy\" width=\"768\" height=\"1024\" src=\"https:\/\/event-ww.de\/blog\/wp-content\/uploads\/2019\/07\/Brenners-53-768x1024.jpg\" alt=\"\" data-id=\"7427\" data-link=\"https:\/\/event-ww.de\/blog\/brenners-53-2\/\" class=\"wp-image-7427\" srcset=\"https:\/\/event-ww.de\/blog\/wp-content\/uploads\/2019\/07\/Brenners-53.jpg 768w, https:\/\/event-ww.de\/blog\/wp-content\/uploads\/2019\/07\/Brenners-53-225x300.jpg 225w, https:\/\/event-ww.de\/blog\/wp-content\/uploads\/2019\/07\/Brenners-53-113x150.jpg 113w\" sizes=\"(max-width: 768px) 100vw, 768px\" \/><\/figure><\/li><li class=\"blocks-gallery-item\"><figure><img loading=\"lazy\" width=\"768\" height=\"1024\" src=\"https:\/\/event-ww.de\/blog\/wp-content\/uploads\/2019\/07\/Brenners-2-1-768x1024.jpg\" alt=\"\" data-id=\"7429\" data-link=\"https:\/\/event-ww.de\/blog\/brenners-2-3-2\/\" class=\"wp-image-7429\" srcset=\"https:\/\/event-ww.de\/blog\/wp-content\/uploads\/2019\/07\/Brenners-2-1.jpg 768w, https:\/\/event-ww.de\/blog\/wp-content\/uploads\/2019\/07\/Brenners-2-1-225x300.jpg 225w, https:\/\/event-ww.de\/blog\/wp-content\/uploads\/2019\/07\/Brenners-2-1-113x150.jpg 113w\" sizes=\"(max-width: 768px) 100vw, 768px\" \/><\/figure><\/li><li class=\"blocks-gallery-item\"><figure><img loading=\"lazy\" width=\"768\" height=\"1024\" src=\"https:\/\/event-ww.de\/blog\/wp-content\/uploads\/2019\/07\/Brenners-33-768x1024.jpg\" alt=\"\" data-id=\"7425\" data-link=\"https:\/\/event-ww.de\/blog\/brenners-33-2\/\" class=\"wp-image-7425\" srcset=\"https:\/\/event-ww.de\/blog\/wp-content\/uploads\/2019\/07\/Brenners-33.jpg 768w, https:\/\/event-ww.de\/blog\/wp-content\/uploads\/2019\/07\/Brenners-33-225x300.jpg 225w, https:\/\/event-ww.de\/blog\/wp-content\/uploads\/2019\/07\/Brenners-33-113x150.jpg 113w\" sizes=\"(max-width: 768px) 100vw, 768px\" \/><\/figure><\/li><li class=\"blocks-gallery-item\"><figure><img loading=\"lazy\" width=\"768\" height=\"1024\" src=\"https:\/\/event-ww.de\/blog\/wp-content\/uploads\/2019\/07\/Brenners-6-1-768x1024.jpg\" alt=\"\" data-id=\"7419\" data-link=\"https:\/\/event-ww.de\/blog\/brenners-6-2-2\/\" class=\"wp-image-7419\" srcset=\"https:\/\/event-ww.de\/blog\/wp-content\/uploads\/2019\/07\/Brenners-6-1.jpg 768w, https:\/\/event-ww.de\/blog\/wp-content\/uploads\/2019\/07\/Brenners-6-1-225x300.jpg 225w, https:\/\/event-ww.de\/blog\/wp-content\/uploads\/2019\/07\/Brenners-6-1-113x150.jpg 113w\" sizes=\"(max-width: 768px) 100vw, 768px\" \/><\/figure><\/li><li class=\"blocks-gallery-item\"><figure><img loading=\"lazy\" width=\"768\" height=\"1024\" src=\"https:\/\/event-ww.de\/blog\/wp-content\/uploads\/2019\/07\/Brenners-3-768x1024.jpg\" alt=\"\" data-id=\"7423\" data-link=\"https:\/\/event-ww.de\/blog\/brenners-3-2\/\" class=\"wp-image-7423\" srcset=\"https:\/\/event-ww.de\/blog\/wp-content\/uploads\/2019\/07\/Brenners-3.jpg 768w, https:\/\/event-ww.de\/blog\/wp-content\/uploads\/2019\/07\/Brenners-3-225x300.jpg 225w, https:\/\/event-ww.de\/blog\/wp-content\/uploads\/2019\/07\/Brenners-3-113x150.jpg 113w\" sizes=\"(max-width: 768px) 100vw, 768px\" \/><\/figure><\/li><\/ul>\n\n\n\n<figure class=\"wp-block-embed-youtube wp-block-embed is-type-video is-provider-youtube wp-embed-aspect-4-3 wp-has-aspect-ratio\"><div class=\"wp-block-embed__wrapper\">\n<iframe loading=\"lazy\" title=\"Garden view\" width=\"500\" height=\"375\" src=\"https:\/\/www.youtube.com\/embed\/ImHQT-fV3VU?feature=oembed\" frameborder=\"0\" allow=\"accelerometer; autoplay; encrypted-media; gyroscope; picture-in-picture\" allowfullscreen><\/iframe>\n<\/div><\/figure>\n\n\n\n<h2><strong>Das familienfreundliche Grandhotel<\/strong><\/h2>\n\n\n\n<p style=\"color:#000000\" class=\"has-text-color has-medium-font-size\">Auch\nFamilien sind im Brenners bestens aufgehoben. Der Brenners Kids-Club ist der\nHotspot f\u00fcr die jungen G\u00e4ste. Hier ist gute Laune bei tollem Entertainment\nProgramm.<\/p>\n\n\n\n<p style=\"color:#000000\" class=\"has-text-color has-medium-font-size\">Neben e-Mobilit\u00e4t steht den G\u00e4sten ein VW Samba Bus mit Fahrer zu Verf\u00fcgung. Die K\u00fcche stellt ihnen sehr gerne einen individuellen Picknickkorb f\u00fcr eine Ausfahrt zusammen. <\/p>\n\n\n\n<div class=\"wp-block-image\"><figure class=\"aligncenter\"><img loading=\"lazy\" width=\"1024\" height=\"681\" src=\"https:\/\/event-ww.de\/blog\/wp-content\/uploads\/2019\/07\/BrennersParkHotel-VWSambaOskar1_1227-1024x681.jpg\" alt=\"\" class=\"wp-image-7343\" srcset=\"https:\/\/event-ww.de\/blog\/wp-content\/uploads\/2019\/07\/BrennersParkHotel-VWSambaOskar1_1227-1024x681.jpg 1024w, https:\/\/event-ww.de\/blog\/wp-content\/uploads\/2019\/07\/BrennersParkHotel-VWSambaOskar1_1227-300x200.jpg 300w, https:\/\/event-ww.de\/blog\/wp-content\/uploads\/2019\/07\/BrennersParkHotel-VWSambaOskar1_1227-768x511.jpg 768w, https:\/\/event-ww.de\/blog\/wp-content\/uploads\/2019\/07\/BrennersParkHotel-VWSambaOskar1_1227-150x100.jpg 150w\" sizes=\"(max-width: 1024px) 100vw, 1024px\" \/><figcaption>Fotocredit: offizielles Material vom Hotel<\/figcaption><\/figure><\/div>\n\n\n\n<h2><strong>Concierge<\/strong><\/h2>\n\n\n\n<p style=\"color:#000000\" class=\"has-text-color has-medium-font-size\">Meine\nkleine Geschichte zeigt, mit welcher Klasse und Einsch\u00e4tzungsverm\u00f6gen ein\n Problem rund um eine\neigentlich simple Taxifahrt l\u00f6st.Wir\nben\u00f6tigten um 16:00 Uhr ein Taxi zu einer Store-Er\u00f6ffnungsfeier in der City. Trotz der Kontakte des Concierges zu diversen Taxistationen war\nkein Taxi zeitnah aufzutreiben.\nDie hauseigene\nLimousine und eine Mercedes V-Klasse waren anderweitig unterwegs.&nbsp;Head\nConcierge Alessia De Camillis fragte uns, ob zur Not auch das hauseigene Post &#8211; und Einkaufs-Auto, ein I3 recht w\u00e4re. Innerhalb von zwei Minuten wurde aus einem\n \u201each herrje\u201c ein \u201egeht nicht, gibt\u2019s nicht\u201c gezaubert. Unkompliziert und am Puls der Zeit!&nbsp;&nbsp;&nbsp;&nbsp; <\/p>\n\n\n\n<h2><strong>K\u00fcchenkonzepte<\/strong><\/h2>\n\n\n\n<p style=\"color:#000000\" class=\"has-text-color has-medium-font-size\">F\u00fcr die\nQualit\u00e4t aller Brenners K\u00fcchen ist K\u00fcchendirektor Mario Corti verantwortlich.<\/p>\n\n\n\n<h3>Der Wintergarten<\/h3>\n\n\n\n<p style=\"color:#000000\" class=\"has-text-color has-medium-font-size\">Direkt an den Park angrenzend stehen dem Gast 40 Logenpl\u00e4tze im lichtdurchfluteten Wintergarten zu Verf\u00fcgung. K\u00fcchenchef Jo\u00ebl Ellenberger serviert hier klassische K\u00fcche mit mediterranen und regionalen Akzenten.<\/p>\n\n\n\n<div class=\"wp-block-image\"><figure class=\"aligncenter\"><img loading=\"lazy\" width=\"768\" height=\"1024\" src=\"https:\/\/event-ww.de\/blog\/wp-content\/uploads\/2019\/07\/Brenners-7-1-768x1024.jpg\" alt=\"\" class=\"wp-image-7415\" srcset=\"https:\/\/event-ww.de\/blog\/wp-content\/uploads\/2019\/07\/Brenners-7-1.jpg 768w, https:\/\/event-ww.de\/blog\/wp-content\/uploads\/2019\/07\/Brenners-7-1-225x300.jpg 225w, https:\/\/event-ww.de\/blog\/wp-content\/uploads\/2019\/07\/Brenners-7-1-113x150.jpg 113w\" sizes=\"(max-width: 768px) 100vw, 768px\" \/><\/figure><\/div>\n\n\n\n<h3>Rive\nGauche Brasserie<\/h3>\n\n\n\n<p style=\"color:#000000\" class=\"has-text-color has-medium-font-size\">Die <a href=\"https:\/\/www.oetkercollection.com\/de\/hotels\/brenners-park-hotel-spa\/restaurants-bars\/\" target=\"_blank\" rel=\"noreferrer noopener\" aria-label=\"Brasserie (\u00f6ffnet in neuem Tab)\">Brasserie<\/a> inmitten der Lichtentaler Allee verspr\u00fcht das l\u00e4ssige Flair eines Quartier Latins. Das Quartier Latin ist ein traditionelles Pariser  Studentenviertel am linken Ufer der Seine mit vielen kleinen Lokalen und B\u00e4ckereien. Leben wie Gott in Frankreich geht auch in Baden Baden.&nbsp;<\/p>\n\n\n\n<div class=\"wp-block-image\"><figure class=\"aligncenter\"><img loading=\"lazy\" width=\"768\" height=\"1024\" src=\"https:\/\/event-ww.de\/blog\/wp-content\/uploads\/2019\/07\/Brenners-22-768x1024.jpg\" alt=\"\" class=\"wp-image-7353\" srcset=\"https:\/\/event-ww.de\/blog\/wp-content\/uploads\/2019\/07\/Brenners-22.jpg 768w, https:\/\/event-ww.de\/blog\/wp-content\/uploads\/2019\/07\/Brenners-22-225x300.jpg 225w, https:\/\/event-ww.de\/blog\/wp-content\/uploads\/2019\/07\/Brenners-22-113x150.jpg 113w\" sizes=\"(max-width: 768px) 100vw, 768px\" \/><figcaption>Terrasse Fritz &amp; Felix <\/figcaption><\/figure><\/div>\n\n\n\n<h3><strong>Fr\u00fchst\u00fcck<\/strong><\/h3>\n\n\n\n<p style=\"color:#000000\" class=\"has-text-color has-medium-font-size\">Das Fr\u00fchst\u00fccksbuffet ist f\u00fcr die G\u00e4ste im Fritz &amp; Felix aufgebaut.&nbsp;Ganz nach dem Motto: \u201eGesund und Bunt in den Tag\u201c ist es mit vielen K\u00f6stlichkeiten best\u00fcckt.<\/p>\n\n\n\n<ul class=\"wp-block-gallery columns-2 is-cropped\"><li class=\"blocks-gallery-item\"><figure><img loading=\"lazy\" width=\"768\" height=\"1024\" src=\"https:\/\/event-ww.de\/blog\/wp-content\/uploads\/2019\/07\/Brenners-15-768x1024.jpg\" alt=\"\" data-id=\"7367\" data-link=\"https:\/\/event-ww.de\/blog\/brenners-15-2\/\" class=\"wp-image-7367\" srcset=\"https:\/\/event-ww.de\/blog\/wp-content\/uploads\/2019\/07\/Brenners-15.jpg 768w, https:\/\/event-ww.de\/blog\/wp-content\/uploads\/2019\/07\/Brenners-15-225x300.jpg 225w, https:\/\/event-ww.de\/blog\/wp-content\/uploads\/2019\/07\/Brenners-15-113x150.jpg 113w\" sizes=\"(max-width: 768px) 100vw, 768px\" \/><\/figure><\/li><li class=\"blocks-gallery-item\"><figure><img loading=\"lazy\" width=\"768\" height=\"1024\" src=\"https:\/\/event-ww.de\/blog\/wp-content\/uploads\/2019\/07\/Brenners-16-768x1024.jpg\" alt=\"\" data-id=\"7365\" data-link=\"https:\/\/event-ww.de\/blog\/brenners-16-2\/\" class=\"wp-image-7365\" srcset=\"https:\/\/event-ww.de\/blog\/wp-content\/uploads\/2019\/07\/Brenners-16.jpg 768w, https:\/\/event-ww.de\/blog\/wp-content\/uploads\/2019\/07\/Brenners-16-225x300.jpg 225w, https:\/\/event-ww.de\/blog\/wp-content\/uploads\/2019\/07\/Brenners-16-113x150.jpg 113w\" sizes=\"(max-width: 768px) 100vw, 768px\" \/><\/figure><\/li><li class=\"blocks-gallery-item\"><figure><img loading=\"lazy\" width=\"768\" height=\"1024\" src=\"https:\/\/event-ww.de\/blog\/wp-content\/uploads\/2019\/07\/Brenners-17-768x1024.jpg\" alt=\"\" data-id=\"7363\" data-link=\"https:\/\/event-ww.de\/blog\/brenners-17-2\/\" class=\"wp-image-7363\" srcset=\"https:\/\/event-ww.de\/blog\/wp-content\/uploads\/2019\/07\/Brenners-17.jpg 768w, https:\/\/event-ww.de\/blog\/wp-content\/uploads\/2019\/07\/Brenners-17-225x300.jpg 225w, https:\/\/event-ww.de\/blog\/wp-content\/uploads\/2019\/07\/Brenners-17-113x150.jpg 113w\" sizes=\"(max-width: 768px) 100vw, 768px\" \/><\/figure><\/li><li class=\"blocks-gallery-item\"><figure><img loading=\"lazy\" width=\"768\" height=\"1024\" src=\"https:\/\/event-ww.de\/blog\/wp-content\/uploads\/2019\/07\/Brenners-18-768x1024.jpg\" alt=\"\" data-id=\"7361\" data-link=\"https:\/\/event-ww.de\/blog\/brenners-18-2\/\" class=\"wp-image-7361\" srcset=\"https:\/\/event-ww.de\/blog\/wp-content\/uploads\/2019\/07\/Brenners-18.jpg 768w, https:\/\/event-ww.de\/blog\/wp-content\/uploads\/2019\/07\/Brenners-18-225x300.jpg 225w, https:\/\/event-ww.de\/blog\/wp-content\/uploads\/2019\/07\/Brenners-18-113x150.jpg 113w\" sizes=\"(max-width: 768px) 100vw, 768px\" \/><\/figure><\/li><li class=\"blocks-gallery-item\"><figure><img loading=\"lazy\" width=\"768\" height=\"1024\" src=\"https:\/\/event-ww.de\/blog\/wp-content\/uploads\/2019\/07\/Brenners-7132-768x1024.jpg\" alt=\"\" data-id=\"7359\" data-link=\"https:\/\/event-ww.de\/blog\/brenners-7132-2\/\" class=\"wp-image-7359\" srcset=\"https:\/\/event-ww.de\/blog\/wp-content\/uploads\/2019\/07\/Brenners-7132.jpg 768w, https:\/\/event-ww.de\/blog\/wp-content\/uploads\/2019\/07\/Brenners-7132-225x300.jpg 225w, https:\/\/event-ww.de\/blog\/wp-content\/uploads\/2019\/07\/Brenners-7132-113x150.jpg 113w\" sizes=\"(max-width: 768px) 100vw, 768px\" \/><\/figure><\/li><li class=\"blocks-gallery-item\"><figure><img src=\"https:\/\/event-ww.de\/blog\/wp-content\/uploads\/2019\/07\/Brenners-71-768x1024.jpg\" alt=\"\" data-id=\"7351\" data-link=\"https:\/\/event-ww.de\/blog\/brenners-71-2\/\" class=\"wp-image-7351\"\/><\/figure><\/li><li class=\"blocks-gallery-item\"><figure><img loading=\"lazy\" width=\"768\" height=\"1024\" src=\"https:\/\/event-ww.de\/blog\/wp-content\/uploads\/2019\/07\/Brenners-20-768x1024.jpg\" alt=\"\" data-id=\"7357\" data-link=\"https:\/\/event-ww.de\/blog\/brenners-20-2\/\" class=\"wp-image-7357\" srcset=\"https:\/\/event-ww.de\/blog\/wp-content\/uploads\/2019\/07\/Brenners-20.jpg 768w, https:\/\/event-ww.de\/blog\/wp-content\/uploads\/2019\/07\/Brenners-20-225x300.jpg 225w, https:\/\/event-ww.de\/blog\/wp-content\/uploads\/2019\/07\/Brenners-20-113x150.jpg 113w\" sizes=\"(max-width: 768px) 100vw, 768px\" \/><\/figure><\/li><li class=\"blocks-gallery-item\"><figure><img loading=\"lazy\" width=\"768\" height=\"1024\" src=\"https:\/\/event-ww.de\/blog\/wp-content\/uploads\/2019\/07\/Brenners-21-768x1024.jpg\" alt=\"\" data-id=\"7355\" data-link=\"https:\/\/event-ww.de\/blog\/brenners-21-2\/\" class=\"wp-image-7355\" srcset=\"https:\/\/event-ww.de\/blog\/wp-content\/uploads\/2019\/07\/Brenners-21.jpg 768w, https:\/\/event-ww.de\/blog\/wp-content\/uploads\/2019\/07\/Brenners-21-225x300.jpg 225w, https:\/\/event-ww.de\/blog\/wp-content\/uploads\/2019\/07\/Brenners-21-113x150.jpg 113w\" sizes=\"(max-width: 768px) 100vw, 768px\" \/><\/figure><\/li><\/ul>\n\n\n\n<h4><strong>\u201eDrink fresh, stay local\u201c<\/strong><\/h4>\n\n\n\n<p style=\"color:#000000\" class=\"has-text-color has-medium-font-size\">Das Barkonzept basiert  auf den \u201eRoaring Twenties\u201c, eine Zeit des wirtschaftlichen Wohlstands mit ausgepr\u00e4gtem kulturellen Vorsprung in den USA und Westeuropa, insbesondere in Gro\u00dfst\u00e4dten wie&nbsp;Berlin,&nbsp; Chicago, London, Los Angeles, New York, Paris und Sydney. In&nbsp;Frankreich&nbsp;wurde das Jahrzehnt als &#8222;<em>ann\u00e9es folles<\/em>&#8220; (&#8222;verr\u00fcckte Jahre&#8220;) bezeichnet. Dies unterstreicht die soziale, k\u00fcnstlerische und kulturelle Dynamik der Epoche.&nbsp;<\/p>\n\n\n\n<p style=\"color:#000000\" class=\"has-text-color has-medium-font-size\">Angelehnt an dieses Lebensgef\u00fchl entstehen hier au\u00dfergew\u00f6hnliche Drinks. Sie setzen sich zusammen aus sorgf\u00e4ltig ausgew\u00e4hlten heimischen Produkten und mit der einen oder anderen \u00fcberraschenden Zutat. By the way: Plastikstrohhalme sind ein No-Go im Fritz &amp; Felix. Das Haus legt Wert auf Nachhaltigkeit. Vielen Dank an Julius Hilger, Restaurantleiter, der mir einige Informationen verriet  und einen \u201cDukeGoes Wild\u201d empfahl.<\/p>\n\n\n\n<figure class=\"wp-block-image\"><img loading=\"lazy\" width=\"768\" height=\"1024\" src=\"https:\/\/event-ww.de\/blog\/wp-content\/uploads\/2019\/07\/Brenners-9660-768x1024.jpg\" alt=\"\" class=\"wp-image-7389\" srcset=\"https:\/\/event-ww.de\/blog\/wp-content\/uploads\/2019\/07\/Brenners-9660.jpg 768w, https:\/\/event-ww.de\/blog\/wp-content\/uploads\/2019\/07\/Brenners-9660-225x300.jpg 225w, https:\/\/event-ww.de\/blog\/wp-content\/uploads\/2019\/07\/Brenners-9660-113x150.jpg 113w\" sizes=\"(max-width: 768px) 100vw, 768px\" \/><figcaption>Rezept: Duke Gin, Zitrone, Zucker, Mandarinenmarmelade, Basilikum und TH Tonic<\/figcaption><\/figure>\n\n\n\n<h3><strong>Fritz &amp; Felix ist der neue kulinarische Hotspot&nbsp;<\/strong><\/h3>\n\n\n\n<p style=\"color:#000000\" class=\"has-text-color has-medium-font-size\">Seit Herbst 2018 gehen <a href=\"https:\/\/www.oetkercollection.com\/de\/hotels\/brenners-park-hotel-spa\/restaurants-bars\/restaurants\/fritz-felix\/\" target=\"_blank\" rel=\"noreferrer noopener\" aria-label=\"Fritz &amp; Felix (\u00f6ffnet in neuem Tab)\">Fritz &amp; Felix<\/a> v\u00f6llig neue Wege und wir gehen mit. Aktuell gibt es f\u00fcr dieses Konzept noch keinen eigenen Begriff im W\u00f6rterbuch. Vielleicht erfinden ja die G\u00e4ste in den n\u00e4chsten Jahren einen.<\/p>\n\n\n\n<div class=\"wp-block-image\"><figure class=\"aligncenter\"><img loading=\"lazy\" width=\"1024\" height=\"669\" src=\"https:\/\/event-ww.de\/blog\/wp-content\/uploads\/2019\/07\/Brenners-bar-1024x669.jpg\" alt=\"\" class=\"wp-image-7445\" srcset=\"https:\/\/event-ww.de\/blog\/wp-content\/uploads\/2019\/07\/Brenners-bar-1024x669.jpg 1024w, https:\/\/event-ww.de\/blog\/wp-content\/uploads\/2019\/07\/Brenners-bar-300x196.jpg 300w, https:\/\/event-ww.de\/blog\/wp-content\/uploads\/2019\/07\/Brenners-bar-768x502.jpg 768w, https:\/\/event-ww.de\/blog\/wp-content\/uploads\/2019\/07\/Brenners-bar-150x98.jpg 150w\" sizes=\"(max-width: 1024px) 100vw, 1024px\" \/><figcaption>Fotocredit: offizielles Material vom Hotel<\/figcaption><\/figure><\/div>\n\n\n\n<h3><strong>Die Geschichte zu Fritz<\/strong><strong> <\/strong><strong>&amp;<\/strong><strong> <\/strong><strong>Felix<\/strong><\/h3>\n\n\n\n<p style=\"color:#000000\" class=\"has-text-color has-medium-font-size\">Fritz\n&amp; Felix ist nicht nur ein Name. Dahinter verbergen sich zwei charismatische\nFiguren. Fritz, der neugierige und draufg\u00e4ngerische Fuchs und sein Gegenspieler\nFelix, ein zur\u00fcckhaltender und sch\u00fcchterner Hase. Die beiden\nSchwarzwaldbewohner, die mit s\u00e4mtlichen K\u00f6stlichkeiten\nder Region vertraut sind und Le For\u00eat Noire quasi verk\u00f6rpern\nsind die Namensgeber dieser neuen Location in Baden-Baden.<\/p>\n\n\n\n<p style=\"color:#000000\" class=\"has-text-color has-medium-font-size\">F\u00fcr den Hoteldirektor Frank Marrenbach war es wichtig, dass das Fritz  &amp; Felix einen separaten Eingang hat und dass am Abend das Gartentor ge\u00f6ffnet ist. Jeder der vorbeigeht soll hineinschauen k\u00f6nnen und soll  sich nicht ausgeschlossen f\u00fchlen. Jeder ist im Fritz &amp; Felix willkommen zum Dinner.&nbsp;<\/p>\n\n\n\n<div class=\"wp-block-image\"><figure class=\"aligncenter\"><img loading=\"lazy\" width=\"768\" height=\"1024\" src=\"https:\/\/event-ww.de\/blog\/wp-content\/uploads\/2019\/07\/Brenners-2-2-768x1024.jpg\" alt=\"\" class=\"wp-image-7383\" srcset=\"https:\/\/event-ww.de\/blog\/wp-content\/uploads\/2019\/07\/Brenners-2-2.jpg 768w, https:\/\/event-ww.de\/blog\/wp-content\/uploads\/2019\/07\/Brenners-2-2-225x300.jpg 225w, https:\/\/event-ww.de\/blog\/wp-content\/uploads\/2019\/07\/Brenners-2-2-113x150.jpg 113w\" sizes=\"(max-width: 768px) 100vw, 768px\" \/><\/figure><\/div>\n\n\n\n<p style=\"color:#000000\" class=\"has-text-color has-medium-font-size\">F\u00fcr das\nZiel eines neuen Restaurant- &amp;\nBarkonzeptes und der Umsetzung seines Casual Fine Dining-Konzeptes arbeitet das\nBrenners mit drei Namhaften Gr\u00f6\u00dfen der Branche zusammen.<\/p>\n\n\n\n<p style=\"color:#000000\" class=\"has-text-color has-medium-font-size\">Robert\nAngell, der u. a. auch f\u00fcr die Gestaltung der ber\u00fchmten Londoner \u201eBlue Bar\u201c verantwortlich\n ist.<\/p>\n\n\n\n<p style=\"color:#000000\" class=\"has-text-color has-medium-font-size\">Nenad Mlinarevic ist Schweizer Spitzenkoch und der Shooting-Star. Sein Handwerk erlernte er in der K\u00fcche des F\u00fcnf-Sterne-Hotels Dolder Waldhaus.Er agiert als Gastronomischer Berater f\u00fcr das K\u00fcchenkonzept im Fritz &amp; Felix.<\/p>\n\n\n\n<p style=\"color:#000000\" class=\"has-text-color has-medium-font-size\">Sebastian Mattis als Chef de Cuisine ist daf\u00fcr verantwortlich, das Konzept Fritz&amp;Felix in die Tat umzusetzen. Er meint, dass die Kunst darin liegt, eine 60\/40-Balance auf die Speisekarte zu bringen. 60% der G\u00e4ste kommen aus anderen L\u00e4ndern und unterschiedlichen Kulturen, 40% stehen f\u00fcr die heimische  Komponente.<\/p>\n\n\n\n<p style=\"color:#000000\" class=\"has-text-color has-drop-cap has-medium-font-size\">K\u00fcchenchef\nSebastian Mattis testet und experimentiert gerne, um neue kreative Vorspeisen, Hauptgerichte, Beilagen und Desserts zu\nkreieren, die individuell kombinierbar sind.<\/p>\n\n\n\n<blockquote class=\"wp-block-quote\"><p>\u201eRegional und international inspirierend muss es sein. Wir wollen keine verkopften Kunstwerke kreieren, sondern Gerichte, die verstanden werden und die unsere G\u00e4ste so richtig genie\u00dfen k\u00f6nnen.&nbsp;<\/p><p>Nat\u00fcrlichkeit spielt eine gro\u00dfe Rolle \u2013 unsere Produkte sollen nach dem schmecken, was sie sind \u2013 egal ob sie aus der Region kommen oder aus anderen L\u00e4ndern. Wir wollen mutig w\u00fcrzen, unser Essen soll Charakter, Seele und eine Geschichte haben. <\/p><p>Wir binden viele Lieferanten aus der Region mit ein, ohne jedoch auf Produkte und Aromen aus aller Welt zu verzichten. Das Thema Fleisch ist uns sehr wichtig, hier arbeiten wir ausschlie\u00dflich mit Produzenten f\u00fcr die ethische Aspekte bei der Tierhaltung von der Geburt bis zur Schlachtung eine wichtige Rolle spielen.\u201c<\/p><cite>Zitat Sebastian Mattis: Definition von \u201eComfort Food\u201c&nbsp;<\/cite><\/blockquote>\n\n\n\n<h2><strong>Urbanes Restaurantkonzept<\/strong><\/h2>\n\n\n\n<p style=\"color:#000000\" class=\"has-text-color has-drop-cap has-medium-font-size\">Fritz &amp; Felix ist eine in sich vollkommende Oase aus Esszimmer, Wohnraum, Arbeitsplatz, Regenerationszone, Insel des Genie\u00dfens und ein l\u00e4ssiger Treffpunkt. Der Gast erlebt hier die Zusammenf\u00fchrung von K\u00fcche, Restaurant und Bar.<\/p>\n\n\n\n<h2><strong>Service<\/strong><\/h2>\n\n\n\n<p style=\"color:#000000\" class=\"has-text-color has-medium-font-size\">Die\nMitarbeiter pr\u00e4sentieren individuell die Karte f\u00fcr ihre G\u00e4ste und k\u00f6nnen jederzeit von 100% Service auf lockeren Small Talk umschalten.&nbsp;Malina\nF\u00f6rderer war an diesem Abend f\u00fcr unseren Tisch verantwortlich.<\/p>\n\n\n\n<p style=\"color:#000000\" class=\"has-text-color has-medium-font-size\">Nach der Begr\u00fc\u00dfung und der Vorstellung der aktuellen Tagesempfehlungen fand sie schnell heraus, dass wir uns sehr gerne von der K\u00fcche \u00fcberraschen lassen. Das erledigt im Fritz &amp; Felix nicht der Meister in der K\u00fcche, Sebastian Mattis sondern die Servicemitarbeiterin direkt. Also lie\u00dfen wir ihr freie Hand, nachdem sie sich nach Unvertr\u00e4glichkeiten erkundigt und \u00fcber&nbsp;Dinge die wir nicht m\u00f6gen &nbsp;informiert hat.<\/p>\n\n\n\n<p style=\"color:#000000\" class=\"has-text-color has-medium-font-size\">W\u00e4hrend\nunseres Dinners erfuhren wir von ihr, dass der K\u00fcchenchef und der Service im Vorfeld \u00fcber m\u00f6gliche\nKreationen, die die Karte hergibt sprechen.<\/p>\n\n\n\n<p style=\"color:#000000\" class=\"has-text-color has-medium-font-size\">Es war\nauch nicht \u00fcberraschend, dass Frau F\u00f6rderer uns fragte, ob sie f\u00fcr uns die passenden Getr\u00e4nke aussuchen d\u00fcrfe. <\/p>\n\n\n\n<p style=\"color:#000000\" class=\"has-text-color has-medium-font-size\">Abschlie\u00dfend k\u00f6nnen wir sagen, dass diese leichte Art des Services in Harmonie mit der K\u00fcche beim Gast sehr gut ankommt. Pers\u00f6nlichkeit und top Niveau im Glas und auf dem Teller. Gast, was willst du mehr?<\/p>\n\n\n\n<h2><strong>Unser Dinner<\/strong><\/h2>\n\n\n\n<p style=\"color:#000000\" class=\"has-text-color has-medium-font-size\">Forellenkaviar vom Forellenhof Baden-Baden, Kartoffelwaffel, Sour Cream aus der Normandie, dazu einen Ruinart Rose.<\/p>\n\n\n\n<div class=\"wp-block-image\"><figure class=\"aligncenter\"><img loading=\"lazy\" width=\"768\" height=\"1024\" src=\"https:\/\/event-ww.de\/blog\/wp-content\/uploads\/2019\/07\/Brenners-11-768x1024.jpg\" alt=\"\" class=\"wp-image-7381\" srcset=\"https:\/\/event-ww.de\/blog\/wp-content\/uploads\/2019\/07\/Brenners-11.jpg 768w, https:\/\/event-ww.de\/blog\/wp-content\/uploads\/2019\/07\/Brenners-11-225x300.jpg 225w, https:\/\/event-ww.de\/blog\/wp-content\/uploads\/2019\/07\/Brenners-11-113x150.jpg 113w\" sizes=\"(max-width: 768px) 100vw, 768px\" \/><\/figure><\/div>\n\n\n\n<p style=\"color:#000000\" class=\"has-text-color has-medium-font-size\">Short Ribs, Krautsalat, gegrillte Zucchini und B\u00e4ckerinkartoffeln, dazu einen Chateau de Saint Cosme (C\u00f4tes du Rh\u00f4ne).<\/p>\n\n\n\n<div class=\"wp-block-image\"><figure class=\"aligncenter\"><img loading=\"lazy\" width=\"768\" height=\"1024\" src=\"https:\/\/event-ww.de\/blog\/wp-content\/uploads\/2019\/07\/Brenners-13-768x1024.jpg\" alt=\"\" class=\"wp-image-7373\" srcset=\"https:\/\/event-ww.de\/blog\/wp-content\/uploads\/2019\/07\/Brenners-13.jpg 768w, https:\/\/event-ww.de\/blog\/wp-content\/uploads\/2019\/07\/Brenners-13-225x300.jpg 225w, https:\/\/event-ww.de\/blog\/wp-content\/uploads\/2019\/07\/Brenners-13-113x150.jpg 113w\" sizes=\"(max-width: 768px) 100vw, 768px\" \/><\/figure><\/div>\n\n\n\n<p style=\"color:#000000\" class=\"has-text-color has-medium-font-size\">Ananastomate, Kardamom, Sauerrahm, dazu eine Eigenkreation eines Champagnercocktails.<\/p>\n\n\n\n<div class=\"wp-block-image\"><figure class=\"aligncenter\"><img loading=\"lazy\" width=\"768\" height=\"1024\" src=\"https:\/\/event-ww.de\/blog\/wp-content\/uploads\/2019\/07\/Brenners-14-768x1024.jpg\" alt=\"\" class=\"wp-image-7371\" srcset=\"https:\/\/event-ww.de\/blog\/wp-content\/uploads\/2019\/07\/Brenners-14.jpg 768w, https:\/\/event-ww.de\/blog\/wp-content\/uploads\/2019\/07\/Brenners-14-225x300.jpg 225w, https:\/\/event-ww.de\/blog\/wp-content\/uploads\/2019\/07\/Brenners-14-113x150.jpg 113w\" sizes=\"(max-width: 768px) 100vw, 768px\" \/><\/figure><\/div>\n\n\n\n<h2><strong>Welt der Weine<\/strong> im Brenners<\/h2>\n\n\n\n<p style=\"color:#000000\" class=\"has-text-color has-medium-font-size\">Im\nFritz &amp; Felix findet der Gast die besten Tropfen aus Baden &#8211; so geh\u00f6rt es\nsich auch &#8211; und\ninternationale Spitzenweine.<\/p>\n\n\n\n<h2><strong>Interior<\/strong><\/h2>\n\n\n\n<ul class=\"wp-block-gallery columns-3 is-cropped\"><li class=\"blocks-gallery-item\"><figure><img loading=\"lazy\" width=\"1024\" height=\"768\" src=\"https:\/\/event-ww.de\/blog\/wp-content\/uploads\/2019\/07\/Brenners-1024x768.jpg\" alt=\"\" data-id=\"7441\" data-link=\"https:\/\/event-ww.de\/blog\/brenners\/\" class=\"wp-image-7441\" srcset=\"https:\/\/event-ww.de\/blog\/wp-content\/uploads\/2019\/07\/Brenners.jpg 1024w, https:\/\/event-ww.de\/blog\/wp-content\/uploads\/2019\/07\/Brenners-300x225.jpg 300w, https:\/\/event-ww.de\/blog\/wp-content\/uploads\/2019\/07\/Brenners-768x576.jpg 768w, https:\/\/event-ww.de\/blog\/wp-content\/uploads\/2019\/07\/Brenners-150x113.jpg 150w\" sizes=\"(max-width: 1024px) 100vw, 1024px\" \/><\/figure><\/li><li class=\"blocks-gallery-item\"><figure><img loading=\"lazy\" width=\"768\" height=\"1024\" src=\"https:\/\/event-ww.de\/blog\/wp-content\/uploads\/2019\/07\/Brenners-82-768x1024.jpg\" alt=\"\" data-id=\"7401\" data-link=\"https:\/\/event-ww.de\/blog\/brenners-82-2\/\" class=\"wp-image-7401\" srcset=\"https:\/\/event-ww.de\/blog\/wp-content\/uploads\/2019\/07\/Brenners-82.jpg 768w, https:\/\/event-ww.de\/blog\/wp-content\/uploads\/2019\/07\/Brenners-82-225x300.jpg 225w, https:\/\/event-ww.de\/blog\/wp-content\/uploads\/2019\/07\/Brenners-82-113x150.jpg 113w\" sizes=\"(max-width: 768px) 100vw, 768px\" \/><\/figure><\/li><li class=\"blocks-gallery-item\"><figure><img loading=\"lazy\" width=\"768\" height=\"1024\" src=\"https:\/\/event-ww.de\/blog\/wp-content\/uploads\/2019\/07\/Brenners-9-768x1024.jpg\" alt=\"\" data-id=\"7397\" data-link=\"https:\/\/event-ww.de\/blog\/brenners-9-2\/\" class=\"wp-image-7397\" srcset=\"https:\/\/event-ww.de\/blog\/wp-content\/uploads\/2019\/07\/Brenners-9.jpg 768w, https:\/\/event-ww.de\/blog\/wp-content\/uploads\/2019\/07\/Brenners-9-225x300.jpg 225w, https:\/\/event-ww.de\/blog\/wp-content\/uploads\/2019\/07\/Brenners-9-113x150.jpg 113w\" sizes=\"(max-width: 768px) 100vw, 768px\" \/><\/figure><\/li><li class=\"blocks-gallery-item\"><figure><img loading=\"lazy\" width=\"768\" height=\"1024\" src=\"https:\/\/event-ww.de\/blog\/wp-content\/uploads\/2019\/07\/Brenners-379-768x1024.jpg\" alt=\"\" data-id=\"7395\" data-link=\"https:\/\/event-ww.de\/blog\/brenners-379-2\/\" class=\"wp-image-7395\" srcset=\"https:\/\/event-ww.de\/blog\/wp-content\/uploads\/2019\/07\/Brenners-379.jpg 768w, https:\/\/event-ww.de\/blog\/wp-content\/uploads\/2019\/07\/Brenners-379-225x300.jpg 225w, https:\/\/event-ww.de\/blog\/wp-content\/uploads\/2019\/07\/Brenners-379-113x150.jpg 113w\" sizes=\"(max-width: 768px) 100vw, 768px\" \/><\/figure><\/li><\/ul>\n\n\n\n<h2><strong>Skizzen<\/strong><\/h2>\n\n\n\n<p style=\"color:#000000\" class=\"has-text-color has-medium-font-size\">In der\nBar werden ausgefallene schwarz-wei\u00df Skizzen mit lokalen Motiven der K\u00fcnstlerin\nSoyoung Kim inszeniert.<\/p>\n\n\n\n<h2><strong>Gerahmte Kunstwerke<\/strong><\/h2>\n\n\n\n<p style=\"color:#000000\" class=\"has-text-color has-medium-font-size\">Der\noffene K\u00fcchenbereich gl\u00e4nzt mit einer Abstraktion der Baden-Badener Landschaft,\nseiner Seen und W\u00e4lder von Karolina Skowronska.&nbsp;Die\nKunstwerke wurden eigens f\u00fcr das Fritz &amp; Felix kuratiert, um die Urbanit\u00e4t und den Bezug zur Region herzustellen.<\/p>\n\n\n\n<h2><strong>Das \u2018House of\nWellbeing\u2019 Villa St\u00e9phanie<\/strong><\/h2>\n\n\n\n<p style=\"color:#000000\" class=\"has-text-color has-medium-font-size\">Seit 2015 setzt das neu designte State-of-the-Art Spa mit dem angeschlossenen Medical Spa neue Ma\u00dfst\u00e4be in Europa. Der hochmoderne <a href=\"https:\/\/www.oetkercollection.com\/de\/hotels\/villa-stephanie\/\">Medical Spa<\/a> empfiehlt sich mit einem ganzheitlichen Verst\u00e4ndnis von Wellness. Konsequent wird hier der Gedanke eines proaktiven Gesundheitsmanagements weiterverfolgt. Und dies mit einem neuen, ganzheitlichen Gesundheitskonzept, das sowohl Beauty als auch medizinische Services in besonderer Weise in Einklang bringt. 12 edle Zimmer und&nbsp; drei Suiten auf \u00fcber 5000 qm erwarten die G\u00e4ste in der Villa St\u00e9phanie. &nbsp;<\/p>\n\n\n\n<div class=\"wp-block-image\"><figure class=\"aligncenter\"><img loading=\"lazy\" width=\"1024\" height=\"660\" src=\"https:\/\/event-ww.de\/blog\/wp-content\/uploads\/2019\/07\/BrennersParkHotel-Pool2_8722-1024x660.jpg\" alt=\"\" class=\"wp-image-7339\" srcset=\"https:\/\/event-ww.de\/blog\/wp-content\/uploads\/2019\/07\/BrennersParkHotel-Pool2_8722-1024x660.jpg 1024w, https:\/\/event-ww.de\/blog\/wp-content\/uploads\/2019\/07\/BrennersParkHotel-Pool2_8722-300x193.jpg 300w, https:\/\/event-ww.de\/blog\/wp-content\/uploads\/2019\/07\/BrennersParkHotel-Pool2_8722-768x495.jpg 768w, https:\/\/event-ww.de\/blog\/wp-content\/uploads\/2019\/07\/BrennersParkHotel-Pool2_8722-150x97.jpg 150w\" sizes=\"(max-width: 1024px) 100vw, 1024px\" \/><figcaption>Fotocredit: offizielles Material vom Hotel<\/figcaption><\/figure><\/div>\n\n\n\n<h3><strong>Das Au\u00dfergew\u00f6hnliche<\/strong><\/h3>\n\n\n\n<p style=\"color:#000000\" class=\"has-text-color has-medium-font-size\">Gerne werden heutzutage Schlagworte wie neue Ma\u00dfst\u00e4be, au\u00dfergew\u00f6hnlich, einzigartig oder Superlative verwendet. Auf das \u2018House of Wellbeing\u2019 Villa St\u00e9phanie treffen all diese Bezeichnungen zu.<\/p>\n\n\n\n<p style=\"color:#000000\" class=\"has-text-color has-medium-font-size\">Beim Umbau wurden die Zimmer und Suiten weitgehend elektromagnetisch isoliert. Digitales Detoxen im Faradayschen K\u00e4fig ist definitiv in unserer heutigen technischen  Welt mit allgegenw\u00e4rtigem Elektrosmog einzigartig.<\/p>\n\n\n\n<h3><strong>Medical Care<\/strong><\/h3>\n\n\n\n<p style=\"color:#000000\" class=\"has-text-color has-medium-font-size\">Die Villa St\u00e9phanie bietet mit dem Medical Care ein facettenreiches Angebot zur Gesundheitsvorsorge: Kompetente Partner stehen mit hochwertigen Untersuchungen und moderner Diagnostik f\u00fcr die G\u00e4ste bereit und beraten sie zu Themen der Vorsorge, Therapie und gesunde Ern\u00e4hrung. Das Leistungsspektrum erstreckt sich auf die Themengebiete \u00c4sthetische Medizin, Integrative Naturheilkundliche Diagnostik &amp; Therapie, \u00c4sthetische Zahnheilkunde und Physiotherapie.&nbsp;<\/p>\n\n\n\n<p style=\"color:#000000\" class=\"has-text-color has-medium-font-size\">Vor und nach jeder Behandlung tauchen die G\u00e4ste in die exquisite Atmosph\u00e4re der Villa St\u00e9phanie und des Privatparks ein. Ein innovatives Gesamtkonzept, wie es hier dem Gast an einem Ort angeboten wird, ist einmalig.&nbsp;<\/p>\n\n\n\n<ul class=\"wp-block-gallery columns-2 is-cropped\"><li class=\"blocks-gallery-item\"><figure><img loading=\"lazy\" width=\"768\" height=\"1024\" src=\"https:\/\/event-ww.de\/blog\/wp-content\/uploads\/2019\/07\/Brenners-7-768x1024.jpg\" alt=\"\" data-id=\"7403\" data-link=\"https:\/\/event-ww.de\/blog\/brenners-7-3\/\" class=\"wp-image-7403\" srcset=\"https:\/\/event-ww.de\/blog\/wp-content\/uploads\/2019\/07\/Brenners-7.jpg 768w, https:\/\/event-ww.de\/blog\/wp-content\/uploads\/2019\/07\/Brenners-7-225x300.jpg 225w, https:\/\/event-ww.de\/blog\/wp-content\/uploads\/2019\/07\/Brenners-7-113x150.jpg 113w\" sizes=\"(max-width: 768px) 100vw, 768px\" \/><\/figure><\/li><li class=\"blocks-gallery-item\"><figure><img loading=\"lazy\" width=\"768\" height=\"1024\" src=\"https:\/\/event-ww.de\/blog\/wp-content\/uploads\/2019\/07\/Brenners-8-1-768x1024.jpg\" alt=\"\" data-id=\"7399\" data-link=\"https:\/\/event-ww.de\/blog\/brenners-8-2-2\/\" class=\"wp-image-7399\" srcset=\"https:\/\/event-ww.de\/blog\/wp-content\/uploads\/2019\/07\/Brenners-8-1.jpg 768w, https:\/\/event-ww.de\/blog\/wp-content\/uploads\/2019\/07\/Brenners-8-1-225x300.jpg 225w, https:\/\/event-ww.de\/blog\/wp-content\/uploads\/2019\/07\/Brenners-8-1-113x150.jpg 113w\" sizes=\"(max-width: 768px) 100vw, 768px\" \/><\/figure><\/li><\/ul>\n\n\n\n<h2><strong>Wertigkeit<\/strong><\/h2>\n\n\n\n<p style=\"color:#000000\" class=\"has-text-color has-medium-font-size\">Das\nManagement und die Mitarbeiter achten darauf, dass kulturelle Werte beherzigt\n werden und dass man auf einer mentalen und\nemotionalen Ebene kommuniziert. Bei\nder Auswahl der Mitarbeiter oder der Auszubildenden sind\n nicht alleine die Berufserfahrung oder\nindividuelle F\u00e4higkeiten entscheidend, sondern in erster Linie die mentale\nEinstellung, Selbstverantwortung und Vertrauen, dass auch eigenst\u00e4ndige Entscheidungen getroffen werden sollen und auch d\u00fcrfen. Das Brenners sucht Charaktere &#8211; alles andere kann man erlernen.<\/p>\n\n\n\n<p style=\"color:#000000\" class=\"has-text-color has-medium-font-size\">\u201eWork-life integration\u201c hei\u00dft die L\u00f6sung bei Gesch\u00e4ftsf\u00fchrer Frank Marrenbach.<\/p>\n\n\n\n<p style=\"color:#000000\" class=\"has-text-color has-medium-font-size\">Das Brenners hat etwa 60 Auszubildende. Das Hotel \u00fcbernimmt dabei  die Verantwortung f\u00fcr ihre  Entwicklung.&nbsp;Zugeh\u00f6rigkeitsgef\u00fchl und Empowerment der Mitarbeiter sind der Garant f\u00fcr einmaligen und erstklassigen Service. Wir sind schwer beeindruckt vom \u201eBrenners\u201c und seinen Mitarbeitern.<\/p>\n\n\n\n<p style=\"color:#000000\" class=\"has-text-color has-medium-font-size\">Viel\nwollen wir an dieser Stelle auch nicht mehr sagen, au\u00dfer: \u201eMacht weiter\n so &#8211; ihr seid gro\u00dfartig\u201c<\/p>\n\n\n\n<h2>Weitere <strong>Infos<\/strong><\/h2>\n\n\n\n<h4><strong>Baden<\/strong><strong>&#8211;<\/strong><strong>Baden<\/strong><\/h4>\n\n\n\n<p style=\"color:#000000\" class=\"has-text-color has-medium-font-size\">Das\nsch\u00f6ne Baden-Baden liegt auf 181 Meter H\u00f6he und ist seit dem 19. Jahrhundert eine kulturelle Metropole und vor allem durch seine Thermalb\u00e4der bis heute eine mond\u00e4ne B\u00e4derstadt. Das Casino\ngeh\u00f6rt zur 1824 errichteten Kurhausanlage und ist dem Schloss Versailles\nnachempfunden.<\/p>\n\n\n\n<h4><strong>Historie<\/strong><strong> Brenners<\/strong><\/h4>\n\n\n\n<p style=\"color:#000000\" class=\"has-text-color has-medium-font-size\">Am 21.\nOktober 1872 erwarb der Baden-Badener Hofkleidermacher Anton Brenner das\ndamalige franz\u00f6sisch gepr\u00e4gte Stephanienbad an der Lichtentaler Allee und\nbegr\u00fcndete damit die Tradition der Brenners Hotelbetriebe.&nbsp;<\/p>\n\n\n\n<h4><strong>Oetker Collection<\/strong><\/h4>\n\n\n\n<p style=\"color:#000000\" class=\"has-text-color has-medium-font-size\">1923 wurde die Familie Oetker stiller Gesellschafter der Brenner Hotel AG. Das \u201eBrenners\u201c ging als erstes Hotel der heutigen Oetker Collection in den Besitz von Rudolf August Oetker \u00fcber.<\/p>\n\n\n\n<h4><strong>Brenners Lounge<\/strong><\/h4>\n\n\n\n<p style=\"color:#000000\" class=\"has-text-color has-medium-font-size\">Ein\neinzigartiges Ambiente bietet die exklusive Brenners Loungeim Clubturm der B\u00e9nazet-Trib\u00fcne auf dem Rennplatz Iffezheim.\nBis zu 60 Personen finden hier Platz. Die Location kann f\u00fcr private oder\ngesch\u00e4ftliche Anl\u00e4sse auch au\u00dferhalb der Renntermine gebucht werden.<\/p>\n\n\n\n<h4><strong>Gesellschaftliche Ereignisse<\/strong>&nbsp;<\/h4>\n\n\n\n<p style=\"color:#000000\" class=\"has-text-color has-medium-font-size\">Das\nBrenners ist nicht nur f\u00fcr Privatpersonen die Top-Adresse in Deutschland. Auch Firmen k\u00f6nnen dieses au\u00dfergew\u00f6hnliche Hotel\nund das umfangreiche Angebot nutzen. Die eleganten Veranstaltungsr\u00e4umen oder die Orangerie sind\nhochmodern ausgestattet und multifunktional nutzbar.<\/p>\n\n\n\n<h4><strong>Gesch\u00e4ftsf\u00fchrung<\/strong><\/h4>\n\n\n\n<p style=\"color:#000000\" class=\"has-text-color has-medium-font-size\">Seit\nOktober 2000 steht Frank Marrenbach dem Haus als Gesch\u00e4ftsf\u00fchrender Direktor\nvor.<\/p>\n","protected":false},"excerpt":{"rendered":"<p>Ein&nbsp;Grandhotel am Puls der Zeit Das \u201eBrenners\u201c, wie das Grandhotel von seinen G\u00e4sten liebevoll genannt wird, wurde 1872 an der Lichtentaler Allee er\u00f6ffnet und hat in seiner \u00fcber 145-j\u00e4hrigen Hotelgeschichte nur zweimal den Besitzer gewechselt. International ist das Brenners bei Kennern bekannt und gesch\u00e4tzt. Durch die stetigen innovativen Entwicklungen des Hotels ist es immer am&hellip;<\/p>\n","protected":false},"author":1,"featured_media":7447,"comment_status":"open","ping_status":"open","sticky":false,"template":"","format":"standard","meta":{"_monsterinsights_skip_tracking":false,"_monsterinsights_sitenote_active":false,"_monsterinsights_sitenote_note":"","_monsterinsights_sitenote_category":0},"categories":[28,27],"tags":[1661,1658,1660,1671,465,34,370,1672,1673],"yst_prominent_words":[1650,1643,1646,1668,1666,1664,1648,1645,1641,1078,1020,1651,1647,1667,1669,1665,1682,1649,1642,1644],"_links":{"self":[{"href":"https:\/\/event-ww.de\/blog\/wp-json\/wp\/v2\/posts\/7335"}],"collection":[{"href":"https:\/\/event-ww.de\/blog\/wp-json\/wp\/v2\/posts"}],"about":[{"href":"https:\/\/event-ww.de\/blog\/wp-json\/wp\/v2\/types\/post"}],"author":[{"embeddable":true,"href":"https:\/\/event-ww.de\/blog\/wp-json\/wp\/v2\/users\/1"}],"replies":[{"embeddable":true,"href":"https:\/\/event-ww.de\/blog\/wp-json\/wp\/v2\/comments?post=7335"}],"version-history":[{"count":12,"href":"https:\/\/event-ww.de\/blog\/wp-json\/wp\/v2\/posts\/7335\/revisions"}],"predecessor-version":[{"id":7465,"href":"https:\/\/event-ww.de\/blog\/wp-json\/wp\/v2\/posts\/7335\/revisions\/7465"}],"wp:featuredmedia":[{"embeddable":true,"href":"https:\/\/event-ww.de\/blog\/wp-json\/wp\/v2\/media\/7447"}],"wp:attachment":[{"href":"https:\/\/event-ww.de\/blog\/wp-json\/wp\/v2\/media?parent=7335"}],"wp:term":[{"taxonomy":"category","embeddable":true,"href":"https:\/\/event-ww.de\/blog\/wp-json\/wp\/v2\/categories?post=7335"},{"taxonomy":"post_tag","embeddable":true,"href":"https:\/\/event-ww.de\/blog\/wp-json\/wp\/v2\/tags?post=7335"},{"taxonomy":"yst_prominent_words","embeddable":true,"href":"https:\/\/event-ww.de\/blog\/wp-json\/wp\/v2\/yst_prominent_words?post=7335"}],"curies":[{"name":"wp","href":"https:\/\/api.w.org\/{rel}","templated":true}]}}